{"id":23974,"date":"2025-09-16T19:10:04","date_gmt":"2025-09-16T23:10:04","guid":{"rendered":"https:\/\/prensapresidencialvenezuela.gob.ve\/?p=23974"},"modified":"2025-09-16T19:12:12","modified_gmt":"2025-09-16T23:12:12","slug":"sectores-estrategicos-del-pais-respaldan-la-defensa-de-la-soberania-y-la-paz-de-venezuela","status":"publish","type":"post","link":"https:\/\/prensapresidencialvenezuela.gob.ve\/index.php\/2025\/09\/16\/sectores-estrategicos-del-pais-respaldan-la-defensa-de-la-soberania-y-la-paz-de-venezuela\/","title":{"rendered":"Sectores estrat\u00e9gicos del pa\u00eds respaldan la defensa de la soberan\u00eda y la paz de Venezuela"},"content":{"rendered":"\n<p><strong>Caracas, Venezuela.-<\/strong> Un total de 434 representantes de los sectores m\u00e1s importantes del pa\u00eds se pronunciaron, este martes, a favor de la defensa de Venezuela durante el Consejo Nacional por la Soberan\u00eda y la Paz realizado en la ciudad de Caracas, ante las recientes y constantes agresiones imperialistas.<\/p>\n\n\n\n<p>El presidente de la Rep\u00fablica Bolivariana de Venezuela, Nicol\u00e1s Maduro Moros, lider\u00f3 la instalaci\u00f3n del encuentro, acompa\u00f1ado de la primera dama y diputada, Cilia Flores; de la vicepresidenta ejecutiva, Delcy Rodr\u00edguez; del presidente de la Asamblea Nacional (AN), Jorge Rodr\u00edguez; el primer vicepresidente de la Asamblea Nacional (AN), Pedro Infante; y la segunda vicepresidenta de la Asamblea Nacional (AN); Am\u00e9rica P\u00e9rez; empresarios, campesinos, pescadores, partidos pol\u00edticos, universitarios, representantes religiosos, entre otros. Y escuch\u00f3 atentamente cada uno de los pronunciamientos realizados por miembros de los diferentes sectores p\u00fablicos y privados presentes en el consejo.<\/p>\n\n\n\n<figure class=\"wp-block-image size-large\"><img fetchpriority=\"high\" decoding=\"async\" width=\"682\" height=\"1024\" src=\"https:\/\/prensapresidencialvenezuela.gob.ve\/wp-content\/uploads\/2025\/09\/photo_5066777639716499106_y-682x1024.jpg\" alt=\"\" class=\"wp-image-23980\" srcset=\"https:\/\/prensapresidencialvenezuela.gob.ve\/wp-content\/uploads\/2025\/09\/photo_5066777639716499106_y-682x1024.jpg 682w, https:\/\/prensapresidencialvenezuela.gob.ve\/wp-content\/uploads\/2025\/09\/photo_5066777639716499106_y-200x300.jpg 200w, https:\/\/prensapresidencialvenezuela.gob.ve\/wp-content\/uploads\/2025\/09\/photo_5066777639716499106_y-768x1152.jpg 768w, https:\/\/prensapresidencialvenezuela.gob.ve\/wp-content\/uploads\/2025\/09\/photo_5066777639716499106_y.jpg 853w\" sizes=\"(max-width: 682px) 100vw, 682px\" \/><\/figure>\n\n\n\n<p>El presidente de la Asamblea Nacional, Jorge Rodr\u00edguez, inform\u00f3 que en este espacio de trabajo tambi\u00e9n se conformar\u00e1n distintas mesas de trabajo, para dar la debida atenci\u00f3n a cada una de las realidades que se han desprendido de los diferentes ataques del Imperio norteamericano contra Venezuela.<\/p>\n\n\n\n<p>Por su parte, el gobernador del estado Cojedes, Alberto Gal\u00edndez, en representaci\u00f3n de los partidos de oposici\u00f3n del pa\u00eds, indic\u00f3 que las pol\u00edticas que producen represi\u00f3n, sanciones o intervenci\u00f3n extranjera, no aportan soluciones duraderas para el bienestar de los pueblos. A su criterio, la historia ha demostrado que, en lugar de construir prosperidad y paz, generan incertidumbre, desaliento y pobreza.<\/p>\n\n\n\n<figure class=\"wp-block-image size-large\"><img decoding=\"async\" width=\"1024\" height=\"682\" src=\"https:\/\/prensapresidencialvenezuela.gob.ve\/wp-content\/uploads\/2025\/09\/photo_5066777639716499105_y-1-1024x682.jpg\" alt=\"\" class=\"wp-image-23981\" srcset=\"https:\/\/prensapresidencialvenezuela.gob.ve\/wp-content\/uploads\/2025\/09\/photo_5066777639716499105_y-1-1024x682.jpg 1024w, https:\/\/prensapresidencialvenezuela.gob.ve\/wp-content\/uploads\/2025\/09\/photo_5066777639716499105_y-1-300x200.jpg 300w, https:\/\/prensapresidencialvenezuela.gob.ve\/wp-content\/uploads\/2025\/09\/photo_5066777639716499105_y-1-768x512.jpg 768w, https:\/\/prensapresidencialvenezuela.gob.ve\/wp-content\/uploads\/2025\/09\/photo_5066777639716499105_y-1.jpg 1280w\" sizes=\"(max-width: 1024px) 100vw, 1024px\" \/><\/figure>\n\n\n\n<p>\u00abRechazamos cualquier intento de injerencia que afecte la soberan\u00eda nacional y el derecho a decidir libremente nuestro propio futuro, a trav\u00e9s del di\u00e1logo, la negociaci\u00f3n y el respeto mutuo entre naciones. En Cojedes creemos en la v\u00eda pac\u00edfica y el voto como motor cambio. El voto libre, informado y consciente de cada ciudadano, es la base de nuestra democracia; as\u00ed lo demostramos participando y ganando de manera contundente el 25 de mayo y el 27 de julio, derrotando el poder\u00edo de la gran maquinaria del gran Polo Patri\u00f3tico. Estamos gobernando para todos por igual\u00bb, dijo en su pronunciamiento, para reafirmar que el gobierno de Venezuela cuenta con su apoyo.<\/p>\n\n\n\n<p><strong>Prensa Presidencial\/ Claudia Guerra M\u00e9ndez<\/strong><\/p>\n","protected":false},"excerpt":{"rendered":"<p>Caracas, Venezuela.- Un total de 434 representantes de los sectores m\u00e1s importantes del pa\u00eds se pronunciaron, este martes, a favor de la defensa de Venezuela durante el Consejo Nacional por la Soberan\u00eda y la Paz realizado en la ciudad de Caracas, ante las recientes y constantes agresiones imperialistas. El presidente de la Rep\u00fablica Bolivariana de [&hellip;]<\/p>\n","protected":false},"author":1,"featured_media":23978,"comment_status":"open","ping_status":"open","sticky":false,"template":"","format":"standard","meta":{"footnotes":""},"categories":[18,7],"tags":[],"class_list":["post-23974","post","type-post","status-publish","format-standard","has-post-thumbnail","hentry","category-noticias-principales","category-notas-de-prensa"],"_links":{"self":[{"href":"https:\/\/prensapresidencialvenezuela.gob.ve\/index.php\/wp-json\/wp\/v2\/posts\/23974","targetHints":{"allow":["GET"]}}],"collection":[{"href":"https:\/\/prensapresidencialvenezuela.gob.ve\/index.php\/wp-json\/wp\/v2\/posts"}],"about":[{"href":"https:\/\/prensapresidencialvenezuela.gob.ve\/index.php\/wp-json\/wp\/v2\/types\/post"}],"author":[{"embeddable":true,"href":"https:\/\/prensapresidencialvenezuela.gob.ve\/index.php\/wp-json\/wp\/v2\/users\/1"}],"replies":[{"embeddable":true,"href":"https:\/\/prensapresidencialvenezuela.gob.ve\/index.php\/wp-json\/wp\/v2\/comments?post=23974"}],"version-history":[{"count":2,"href":"https:\/\/prensapresidencialvenezuela.gob.ve\/index.php\/wp-json\/wp\/v2\/posts\/23974\/revisions"}],"predecessor-version":[{"id":23982,"href":"https:\/\/prensapresidencialvenezuela.gob.ve\/index.php\/wp-json\/wp\/v2\/posts\/23974\/revisions\/23982"}],"wp:featuredmedia":[{"embeddable":true,"href":"https:\/\/prensapresidencialvenezuela.gob.ve\/index.php\/wp-json\/wp\/v2\/media\/23978"}],"wp:attachment":[{"href":"https:\/\/prensapresidencialvenezuela.gob.ve\/index.php\/wp-json\/wp\/v2\/media?parent=23974"}],"wp:term":[{"taxonomy":"category","embeddable":true,"href":"https:\/\/prensapresidencialvenezuela.gob.ve\/index.php\/wp-json\/wp\/v2\/categories?post=23974"},{"taxonomy":"post_tag","embeddable":true,"href":"https:\/\/prensapresidencialvenezuela.gob.ve\/index.php\/wp-json\/wp\/v2\/tags?post=23974"}],"curies":[{"name":"wp","href":"https:\/\/api.w.org\/{rel}","templated":true}]}}