{"id":23983,"date":"2025-09-16T19:54:29","date_gmt":"2025-09-16T23:54:29","guid":{"rendered":"https:\/\/prensapresidencialvenezuela.gob.ve\/?p=23983"},"modified":"2025-09-16T19:54:29","modified_gmt":"2025-09-16T23:54:29","slug":"presidente-maduro-ratifica-su-llamado-a-la-union-nacional-por-la-soberania-y-la-paz","status":"publish","type":"post","link":"https:\/\/prensapresidencialvenezuela.gob.ve\/index.php\/2025\/09\/16\/presidente-maduro-ratifica-su-llamado-a-la-union-nacional-por-la-soberania-y-la-paz\/","title":{"rendered":"Presidente Maduro ratifica su llamado a la uni\u00f3n nacional por la soberan\u00eda y la paz"},"content":{"rendered":"\n<p><strong>Caracas, Venezuela.-<\/strong> En un evento que congreg\u00f3 a diversos sectores de la vida nacional, el presidente de la Rep\u00fablica Bolivariana de Venezuela, Nicol\u00e1s Maduro, encabez\u00f3 este martes el Consejo Nacional por la Soberan\u00eda y la Paz, evento en el cual destac\u00f3 la importancia de la uni\u00f3n y la reconciliaci\u00f3n para defender el pa\u00eds ante las amenazas externas.<br><br>El encuentro cont\u00f3 con la asistencia de representantes de distintos sectores estrat\u00e9gicos, incluyendo a la vicepresidenta ejecutiva, Delcy Rodr\u00edguez, el Estado Mayor de la Fuerza Armada Nacional Bolivariana (FANB), jefes de organismos policiales, diputados a la Asamblea Nacional, representantes del Gran Polo Patri\u00f3tico (GPP), e incluso voceros de la oposici\u00f3n, un aspecto que el Mandatario nacional subray\u00f3 como muestra de una emoci\u00f3n patria.<\/p>\n\n\n\n<p>El Jefe de Estado asegur\u00f3 que en el territorio nacional existe un esp\u00edritu de fe inquebrantable, que han despertado un sentimiento de amor por el derecho a la independencia.&nbsp; \u00abEl concepto de autodeterminaci\u00f3n de los pueblos, es un concepto que hoy est\u00e1 m\u00e1s vigente que nunca\u00bb, sostuvo, no sin antes destacar que los venezolanos se encuentran \u00abreconciliados y unidos para defender su derecho a ser soberanos y libres\u00bb.<\/p>\n\n\n\n<p>Asimismo, hizo hincapi\u00e9 en que esta reconciliaci\u00f3n es con las ideas de justicia, libertad e igualdad, que fueron levantadas por los \u00ablibertadores y libertadoras del continente entero\u00bb, quienes nunca se rindieron ante ninguna amenaza, por dura que fuera.<\/p>\n\n\n\n<p><strong>El legado del Libertador Sim\u00f3n Bol\u00edvar<\/strong><\/p>\n\n\n\n<p>Profundamente conmovido por las intervenciones de los asistentes, el presidente Maduro manifest\u00f3 que son \u00abtiempos de compromiso y de amor\u00bb, que le han permitido entender m\u00e1s intensamente las proclamas del Libertador Sim\u00f3n Bol\u00edvar. Record\u00f3 las duras historias de la I Rep\u00fablica y las derrotas que enfrentaron los libertadores, destacando que \u00abnunca se dejaron avasallar por condiciones adversas\u00bb.<\/p>\n\n\n\n<p>En ese contexto, hizo una referencia directa a la <em>Carta de Jamaica<\/em> de Bol\u00edvar, describi\u00e9ndola como un texto de gran sentimiento y una claridad estrat\u00e9gica. En su an\u00e1lisis, explic\u00f3 c\u00f3mo Bol\u00edvar, a trav\u00e9s de esta misiva, explic\u00f3 las razones sociol\u00f3gicas e hist\u00f3ricas de la divisi\u00f3n del pueblo venezolano, rectificando el camino para que sus compa\u00f1eros de lucha entendieran la necesidad de las banderas de la liberaci\u00f3n de esclavos: igualdad y libertad como fundamentos para construir la rep\u00fablica.<\/p>\n\n\n\n<p>\u00abEso qued\u00f3 en la historia y fue uno de los elementos vitales de rectificaci\u00f3n hist\u00f3rica que Bol\u00edvar impuso\u00bb, concluy\u00f3 el Presidente.<\/p>\n\n\n\n<p><strong>Prensa Presidencial \/ Iliana Rosales<\/strong><\/p>\n","protected":false},"excerpt":{"rendered":"<p>Caracas, Venezuela.- En un evento que congreg\u00f3 a diversos sectores de la vida nacional, el presidente de la Rep\u00fablica Bolivariana de Venezuela, Nicol\u00e1s Maduro, encabez\u00f3 este martes el Consejo Nacional por la Soberan\u00eda y la Paz, evento en el cual destac\u00f3 la importancia de la uni\u00f3n y la reconciliaci\u00f3n para defender el pa\u00eds ante las [&hellip;]<\/p>\n","protected":false},"author":1,"featured_media":23984,"comment_status":"open","ping_status":"open","sticky":false,"template":"","format":"standard","meta":{"footnotes":""},"categories":[18,7],"tags":[],"class_list":["post-23983","post","type-post","status-publish","format-standard","has-post-thumbnail","hentry","category-noticias-principales","category-notas-de-prensa"],"_links":{"self":[{"href":"https:\/\/prensapresidencialvenezuela.gob.ve\/index.php\/wp-json\/wp\/v2\/posts\/23983","targetHints":{"allow":["GET"]}}],"collection":[{"href":"https:\/\/prensapresidencialvenezuela.gob.ve\/index.php\/wp-json\/wp\/v2\/posts"}],"about":[{"href":"https:\/\/prensapresidencialvenezuela.gob.ve\/index.php\/wp-json\/wp\/v2\/types\/post"}],"author":[{"embeddable":true,"href":"https:\/\/prensapresidencialvenezuela.gob.ve\/index.php\/wp-json\/wp\/v2\/users\/1"}],"replies":[{"embeddable":true,"href":"https:\/\/prensapresidencialvenezuela.gob.ve\/index.php\/wp-json\/wp\/v2\/comments?post=23983"}],"version-history":[{"count":1,"href":"https:\/\/prensapresidencialvenezuela.gob.ve\/index.php\/wp-json\/wp\/v2\/posts\/23983\/revisions"}],"predecessor-version":[{"id":23985,"href":"https:\/\/prensapresidencialvenezuela.gob.ve\/index.php\/wp-json\/wp\/v2\/posts\/23983\/revisions\/23985"}],"wp:featuredmedia":[{"embeddable":true,"href":"https:\/\/prensapresidencialvenezuela.gob.ve\/index.php\/wp-json\/wp\/v2\/media\/23984"}],"wp:attachment":[{"href":"https:\/\/prensapresidencialvenezuela.gob.ve\/index.php\/wp-json\/wp\/v2\/media?parent=23983"}],"wp:term":[{"taxonomy":"category","embeddable":true,"href":"https:\/\/prensapresidencialvenezuela.gob.ve\/index.php\/wp-json\/wp\/v2\/categories?post=23983"},{"taxonomy":"post_tag","embeddable":true,"href":"https:\/\/prensapresidencialvenezuela.gob.ve\/index.php\/wp-json\/wp\/v2\/tags?post=23983"}],"curies":[{"name":"wp","href":"https:\/\/api.w.org\/{rel}","templated":true}]}}