{"id":2403,"date":"2022-01-10T11:00:00","date_gmt":"2022-01-10T11:00:00","guid":{"rendered":"http:\/\/172.27.0.121\/?p=2403"},"modified":"2022-07-13T17:01:43","modified_gmt":"2022-07-13T17:01:43","slug":"10-e-el-dia-en-el-que-el-pueblo-juro-por-chavez-y-la-constitucion","status":"publish","type":"post","link":"https:\/\/prensapresidencialvenezuela.gob.ve\/index.php\/2022\/01\/10\/10-e-el-dia-en-el-que-el-pueblo-juro-por-chavez-y-la-constitucion\/","title":{"rendered":"10-E: El d\u00eda en el que el pueblo jur\u00f3 por Ch\u00e1vez y  la Constituci\u00f3n"},"content":{"rendered":"\n<p><strong>Palacio de Miraflores, Caracas.-<\/strong> \u00abJuro frente a esta Constituci\u00f3n de la Rep\u00fablica Bolivariana de Venezuela absoluta lealtad a los valores de la Patria, absoluta lealtad al liderazgo del comandante Hugo Ch\u00e1vez. Juro que defender\u00e9 esta Constituci\u00f3n, nuestra democracia popular, nuestra independencia y el derecho a construir el Socialismo en nuestra Patria\u00bb, con estas palabras el pueblo venezolano jur\u00f3 en defensa de la Constituci\u00f3n y la presidencia de Ch\u00e1vez.<\/p>\n\n\n\n<p>En una masiva manifestaci\u00f3n popular, los venezolanos y venezolanas ratificaron su respaldo al Gobierno Bolivariano y al presidente Ch\u00e1vez, quien tomar\u00e1 posesi\u00f3n formal de su cargo ante el Tribunal Supremo de Justicia cuando cese la causa sobrevenida, entendida \u00e9sta como el proceso de recuperaci\u00f3n que lleva a cabo en La Habana, Cuba, tras la intervenci\u00f3n quir\u00fargica del pasado 11 de diciembre.<\/p>\n\n\n\n<p>\u00abAqu\u00ed en Caracas, hoy 10 de enero, le decimos al Comandante Ch\u00e1vez: recup\u00e9rese, que este pueblo ha jurado y va a cumplir lealtad absoluta\u00bb, afirm\u00f3 de manera rotunda el vicepresidente de la Rep\u00fablica, Nicol\u00e1s Maduro, quien ley\u00f3 el juramento junto a las miles de personas congregadas frente al Palacio de Miraflores.<\/p>\n\n\n\n<p>Asimismo, el pueblo se comprometi\u00f3 a llevar adelante el Programa de la Patria 2013-2019 \u00aben cada barrio, en cada f\u00e1brica, en cada escuela, en cada esquina, en cada plaza, en cada familia\u00bb, adem\u00e1s de defender el mandato popular del presidente Ch\u00e1vez, electo con m\u00e1s de ocho millones de votos, \u00abcon la verdad y con la fuerza y la inteligencia de un pueblo que se ha liberado del yugo de la burgues\u00eda\u00bb.<\/p>\n\n\n\n<p>Fueron testigos y respaldaron este juramento, autoridades y representantes de 22 pa\u00edses de Am\u00e9rica Latina y el Caribe presentes en la multitudinaria movilizaci\u00f3n, as\u00ed como todo el tren Ejecutivo del Gobierno Bolivariano, gobernadores, gobernadoras, dirigentes pol\u00edticos y personalidades que apoyan el proceso democr\u00e1tico que vive Venezuela desde hace m\u00e1s de dos d\u00e9cadas.<\/p>\n\n\n\n<p>\u00ab\u00a1Que viva Ch\u00e1vez! \u00a1Que vivan los pueblos del mundo! \u00a1Que viva la Revoluci\u00f3n Bolivariana!\u00bb, enfatiz\u00f3 el vicepresidente Maduro ante la avalancha humana como grito de cierre de la actividad, la cual comenz\u00f3 desde tempranas horas de este jueves y a la que asistieron venezolanos de distintas regiones del pa\u00eds.<br><strong>Prensa Presidencial<\/strong><\/p>\n","protected":false},"excerpt":{"rendered":"<p>Palacio de Miraflores, Caracas.- \u00abJuro frente a esta Constituci\u00f3n de la Rep\u00fablica Bolivariana de Venezuela absoluta lealtad a los valores de la Patria, absoluta lealtad al liderazgo del comandante Hugo Ch\u00e1vez. Juro que defender\u00e9 esta Constituci\u00f3n, nuestra democracia popular, nuestra independencia y el derecho a construir el Socialismo en nuestra Patria\u00bb, con estas palabras el [&hellip;]<\/p>\n","protected":false},"author":6,"featured_media":2413,"comment_status":"open","ping_status":"open","sticky":false,"template":"","format":"standard","meta":{"footnotes":""},"categories":[10],"tags":[],"class_list":["post-2403","post","type-post","status-publish","format-standard","has-post-thumbnail","hentry","category-especiales"],"_links":{"self":[{"href":"https:\/\/prensapresidencialvenezuela.gob.ve\/index.php\/wp-json\/wp\/v2\/posts\/2403","targetHints":{"allow":["GET"]}}],"collection":[{"href":"https:\/\/prensapresidencialvenezuela.gob.ve\/index.php\/wp-json\/wp\/v2\/posts"}],"about":[{"href":"https:\/\/prensapresidencialvenezuela.gob.ve\/index.php\/wp-json\/wp\/v2\/types\/post"}],"author":[{"embeddable":true,"href":"https:\/\/prensapresidencialvenezuela.gob.ve\/index.php\/wp-json\/wp\/v2\/users\/6"}],"replies":[{"embeddable":true,"href":"https:\/\/prensapresidencialvenezuela.gob.ve\/index.php\/wp-json\/wp\/v2\/comments?post=2403"}],"version-history":[{"count":1,"href":"https:\/\/prensapresidencialvenezuela.gob.ve\/index.php\/wp-json\/wp\/v2\/posts\/2403\/revisions"}],"predecessor-version":[{"id":2414,"href":"https:\/\/prensapresidencialvenezuela.gob.ve\/index.php\/wp-json\/wp\/v2\/posts\/2403\/revisions\/2414"}],"wp:featuredmedia":[{"embeddable":true,"href":"https:\/\/prensapresidencialvenezuela.gob.ve\/index.php\/wp-json\/wp\/v2\/media\/2413"}],"wp:attachment":[{"href":"https:\/\/prensapresidencialvenezuela.gob.ve\/index.php\/wp-json\/wp\/v2\/media?parent=2403"}],"wp:term":[{"taxonomy":"category","embeddable":true,"href":"https:\/\/prensapresidencialvenezuela.gob.ve\/index.php\/wp-json\/wp\/v2\/categories?post=2403"},{"taxonomy":"post_tag","embeddable":true,"href":"https:\/\/prensapresidencialvenezuela.gob.ve\/index.php\/wp-json\/wp\/v2\/tags?post=2403"}],"curies":[{"name":"wp","href":"https:\/\/api.w.org\/{rel}","templated":true}]}}