{"id":2406,"date":"2022-06-13T16:58:00","date_gmt":"2022-06-13T16:58:00","guid":{"rendered":"http:\/\/172.27.0.121\/?p=2406"},"modified":"2022-07-13T16:59:14","modified_gmt":"2022-07-13T16:59:14","slug":"union-civico-militar-permite-atender-a-comunidades-de-tachira-afectadas-por-las-precipitaciones","status":"publish","type":"post","link":"https:\/\/prensapresidencialvenezuela.gob.ve\/index.php\/2022\/06\/13\/union-civico-militar-permite-atender-a-comunidades-de-tachira-afectadas-por-las-precipitaciones\/","title":{"rendered":"Uni\u00f3n c\u00edvico-militar permite atender a comunidades de T\u00e1chira afectadas por las precipitaciones"},"content":{"rendered":"\n<p><strong>Kuwait City, Kuwait.- <\/strong>Al ofrecer un balance por las recientes precipitaciones que afectan al territorio venezolano, el presidente de la Rep\u00fablica, Nicol\u00e1s Maduro, destac\u00f3 que las autoridades regionales atienden de manera oportuna y \u201ctiempo real al pueblo afectado\u201d.<\/p>\n\n\n\n<p>En este sentido, asegur\u00f3 que \u201cs\u00f3lo la uni\u00f3n c\u00edvico-militar-policial-bomberil perfecta\u201d, ha permitido tomar las medidas de prevenci\u00f3n necesarias y garantizar la atenci\u00f3n a las comunidades.<\/p>\n\n\n\n<p>A trav\u00e9s de un contacto televisivo al estado T\u00e1chira, el gobernador de la entidad, Freddy Bernal, puntualiz\u00f3 que 16 municipios del estado T\u00e1chira han sido afectados por las recientes lluvias.<\/p>\n\n\n\n<p>Asimismo, indic\u00f3 que los municipios que delimitan con el estado M\u00e9rida han sido afectados por el desborde de los r\u00edos Escalante, Bocon\u00f3, T\u00e1chira, Torbes, Uribante, as\u00ed como por las quebradas de las culatas, en la frontera con Colombia. \u201cHemos trabajado en conjunto con las alcald\u00edas, y el poder popular organizado, adem\u00e1s de los organismos del Gobierno central, asever\u00f3 Bernal.<\/p>\n\n\n\n<p>De igual manera, resalt\u00f3 que gracias a la participaci\u00f3n oportuna del Ministerio del Poder Popular Obras P\u00fablicas y Transporte, respectivamente, se ha logrado atender oportunamente las afectaciones de los municipios\u201d.<\/p>\n\n\n\n<p>Inform\u00f3 que se encuentran desplegadas maquinarias pesadas con el objetivo de retirar sedimentos y escombros, al tiempo que agradeci\u00f3 la aprobaci\u00f3n de recursos que permiti\u00f3 iniciar obras de infraestructura en las principales v\u00edas de la entidad tachirense.<\/p>\n\n\n\n<p>\u201cTodo lo que hacemos, es por el amor intenso por nuestro pueblo. La batalla que hemos dado y la resistencia de nuestro pueblo es admirada por Gobiernos del mundo\u201d, destac\u00f3 el presidente Maduro, desde Kuwait (pa\u00eds \u00e1rabe del Golfo Ar\u00e1bigo), cuarta naci\u00f3n que visita durante la gira euroasi\u00e1tica que desarrolla el Dignatario venezolano, en aras de dinamizar y profundizar los lazos de cooperaci\u00f3n entre ambos pa\u00edses.<\/p>\n\n\n\n<p><strong>Prensa Presidencial\/Joelin Jim\u00e9nez<\/strong><\/p>\n","protected":false},"excerpt":{"rendered":"<p>Kuwait City, Kuwait.- Al ofrecer un balance por las recientes precipitaciones que afectan al territorio venezolano, el presidente de la Rep\u00fablica, Nicol\u00e1s Maduro, destac\u00f3 que las autoridades regionales atienden de manera oportuna y \u201ctiempo real al pueblo afectado\u201d. En este sentido, asegur\u00f3 que \u201cs\u00f3lo la uni\u00f3n c\u00edvico-militar-policial-bomberil perfecta\u201d, ha permitido tomar las medidas de prevenci\u00f3n [&hellip;]<\/p>\n","protected":false},"author":6,"featured_media":2407,"comment_status":"open","ping_status":"open","sticky":false,"template":"","format":"standard","meta":{"footnotes":""},"categories":[7],"tags":[],"class_list":["post-2406","post","type-post","status-publish","format-standard","has-post-thumbnail","hentry","category-notas-de-prensa"],"_links":{"self":[{"href":"https:\/\/prensapresidencialvenezuela.gob.ve\/index.php\/wp-json\/wp\/v2\/posts\/2406","targetHints":{"allow":["GET"]}}],"collection":[{"href":"https:\/\/prensapresidencialvenezuela.gob.ve\/index.php\/wp-json\/wp\/v2\/posts"}],"about":[{"href":"https:\/\/prensapresidencialvenezuela.gob.ve\/index.php\/wp-json\/wp\/v2\/types\/post"}],"author":[{"embeddable":true,"href":"https:\/\/prensapresidencialvenezuela.gob.ve\/index.php\/wp-json\/wp\/v2\/users\/6"}],"replies":[{"embeddable":true,"href":"https:\/\/prensapresidencialvenezuela.gob.ve\/index.php\/wp-json\/wp\/v2\/comments?post=2406"}],"version-history":[{"count":1,"href":"https:\/\/prensapresidencialvenezuela.gob.ve\/index.php\/wp-json\/wp\/v2\/posts\/2406\/revisions"}],"predecessor-version":[{"id":2408,"href":"https:\/\/prensapresidencialvenezuela.gob.ve\/index.php\/wp-json\/wp\/v2\/posts\/2406\/revisions\/2408"}],"wp:featuredmedia":[{"embeddable":true,"href":"https:\/\/prensapresidencialvenezuela.gob.ve\/index.php\/wp-json\/wp\/v2\/media\/2407"}],"wp:attachment":[{"href":"https:\/\/prensapresidencialvenezuela.gob.ve\/index.php\/wp-json\/wp\/v2\/media?parent=2406"}],"wp:term":[{"taxonomy":"category","embeddable":true,"href":"https:\/\/prensapresidencialvenezuela.gob.ve\/index.php\/wp-json\/wp\/v2\/categories?post=2406"},{"taxonomy":"post_tag","embeddable":true,"href":"https:\/\/prensapresidencialvenezuela.gob.ve\/index.php\/wp-json\/wp\/v2\/tags?post=2406"}],"curies":[{"name":"wp","href":"https:\/\/api.w.org\/{rel}","templated":true}]}}