{"id":2409,"date":"2022-06-13T16:59:00","date_gmt":"2022-06-13T16:59:00","guid":{"rendered":"http:\/\/172.27.0.121\/?p=2409"},"modified":"2022-07-13T17:00:35","modified_gmt":"2022-07-13T17:00:35","slug":"garantizan-atencion-a-estados-afectados-por-lluvias","status":"publish","type":"post","link":"https:\/\/prensapresidencialvenezuela.gob.ve\/index.php\/2022\/06\/13\/garantizan-atencion-a-estados-afectados-por-lluvias\/","title":{"rendered":"Garantizan atenci\u00f3n a estados afectados por lluvias"},"content":{"rendered":"\n<p><strong>Kuwait City, Kuwait.-<\/strong> En el caso del estado T\u00e1chira, el presidente de la Rep\u00fablica, Nicol\u00e1s Maduro ratific\u00f3 que cuenta con todo el apoyo para afrontar esta circunstancia del cambio clim\u00e1tico de las lluvias, el desbordamiento de r\u00edos y quebradas.<\/p>\n\n\n\n<p>Hizo lo propio en un contacto con el Occidente, espec\u00edficamente con el gobernador del estado Lara, Adolfo Pereira, quien ha encabezado la activaci\u00f3n<br>del sistema de gesti\u00f3n de riesgo para hacer frente a las condiciones acarreadas por el efecto de las precipitaciones y la activaci\u00f3n de huracanes en el Golfo de M\u00e9xico con incidencia en el Mar Caribe.<\/p>\n\n\n\n<p>Pereira explic\u00f3 que el municipio Palavecino ha sido el que ha registrado mayor afectaci\u00f3n, sin embargo, se han realizado los trabajos para restablecer el sistema el\u00e9ctrico en el \u00e1rea, as\u00ed como en la parroquia Cabudare, mientras que hasta el momento se ha logrado solventar el tr\u00e1nsito en el municipio Urdaneta.<\/p>\n\n\n\n<p>\u201cAl puesto de Comando Estadal del 1\u00d710 del estado Lara, todo el apoyo, hay que tomar medidas estructurales\u201d, agreg\u00f3 el Jefe de Estado.<\/p>\n\n\n\n<p>Tambi\u00e9n orden\u00f3 investigar reportes de tala y quema, por lo que pidi\u00f3 tomar medidas inmediatas por parte del Ministerio del Poder Popular para el Despacho de la Presidencia; al tiempo que llam\u00f3 a avanzar en la atenci\u00f3n de la v\u00edctimas de las lluvias, tras perder sus viviendas \u201cporque se las ha llevado un deslave o un r\u00edo\u201d.<\/p>\n\n\n\n<p>\u201cHay que tomar medidas, para eso es la Revoluci\u00f3n, para tomar medidas a tiempo y cuidar al pueblo. Si algo sabemos hacer es atender el tema de vivienda\u201d, subray\u00f3.<\/p>\n\n\n\n<p><strong>Prensa Presidencial\/Ana\u00eds P\u00e9rez<\/strong><\/p>\n","protected":false},"excerpt":{"rendered":"<p>Kuwait City, Kuwait.- En el caso del estado T\u00e1chira, el presidente de la Rep\u00fablica, Nicol\u00e1s Maduro ratific\u00f3 que cuenta con todo el apoyo para afrontar esta circunstancia del cambio clim\u00e1tico de las lluvias, el desbordamiento de r\u00edos y quebradas. Hizo lo propio en un contacto con el Occidente, espec\u00edficamente con el gobernador del estado Lara, [&hellip;]<\/p>\n","protected":false},"author":6,"featured_media":2410,"comment_status":"open","ping_status":"open","sticky":false,"template":"","format":"standard","meta":{"footnotes":""},"categories":[7],"tags":[],"class_list":["post-2409","post","type-post","status-publish","format-standard","has-post-thumbnail","hentry","category-notas-de-prensa"],"_links":{"self":[{"href":"https:\/\/prensapresidencialvenezuela.gob.ve\/index.php\/wp-json\/wp\/v2\/posts\/2409","targetHints":{"allow":["GET"]}}],"collection":[{"href":"https:\/\/prensapresidencialvenezuela.gob.ve\/index.php\/wp-json\/wp\/v2\/posts"}],"about":[{"href":"https:\/\/prensapresidencialvenezuela.gob.ve\/index.php\/wp-json\/wp\/v2\/types\/post"}],"author":[{"embeddable":true,"href":"https:\/\/prensapresidencialvenezuela.gob.ve\/index.php\/wp-json\/wp\/v2\/users\/6"}],"replies":[{"embeddable":true,"href":"https:\/\/prensapresidencialvenezuela.gob.ve\/index.php\/wp-json\/wp\/v2\/comments?post=2409"}],"version-history":[{"count":1,"href":"https:\/\/prensapresidencialvenezuela.gob.ve\/index.php\/wp-json\/wp\/v2\/posts\/2409\/revisions"}],"predecessor-version":[{"id":2411,"href":"https:\/\/prensapresidencialvenezuela.gob.ve\/index.php\/wp-json\/wp\/v2\/posts\/2409\/revisions\/2411"}],"wp:featuredmedia":[{"embeddable":true,"href":"https:\/\/prensapresidencialvenezuela.gob.ve\/index.php\/wp-json\/wp\/v2\/media\/2410"}],"wp:attachment":[{"href":"https:\/\/prensapresidencialvenezuela.gob.ve\/index.php\/wp-json\/wp\/v2\/media?parent=2409"}],"wp:term":[{"taxonomy":"category","embeddable":true,"href":"https:\/\/prensapresidencialvenezuela.gob.ve\/index.php\/wp-json\/wp\/v2\/categories?post=2409"},{"taxonomy":"post_tag","embeddable":true,"href":"https:\/\/prensapresidencialvenezuela.gob.ve\/index.php\/wp-json\/wp\/v2\/tags?post=2409"}],"curies":[{"name":"wp","href":"https:\/\/api.w.org\/{rel}","templated":true}]}}