{"id":2412,"date":"2022-06-13T17:00:00","date_gmt":"2022-06-13T17:00:00","guid":{"rendered":"http:\/\/172.27.0.121\/?p=2412"},"modified":"2022-07-13T17:02:11","modified_gmt":"2022-07-13T17:02:11","slug":"movimiento-somos-venezuela-se-desplegara-en-zonas-afectadas-por-lluvias","status":"publish","type":"post","link":"https:\/\/prensapresidencialvenezuela.gob.ve\/index.php\/2022\/06\/13\/movimiento-somos-venezuela-se-desplegara-en-zonas-afectadas-por-lluvias\/","title":{"rendered":"Movimiento Somos Venezuela se desplegar\u00e1 en zonas afectadas por lluvias"},"content":{"rendered":"\n<p><strong>Kuwait City, Kuwait.- <\/strong>El Movimiento Somos Venezuela se sumar\u00e1 a las labores de atenci\u00f3n de las zonas afectadas por las recientes lluvias registradas en el pa\u00eds, anunci\u00f3 la vicepresidenta Ejecutiva, Delcy Rodr\u00edguez, en contacto v\u00eda videoconferencia con el presidente de la Rep\u00fablica, Nicol\u00e1s Maduro.<\/p>\n\n\n\n<p>\u201cEs un nuevo papel que tiene el Movimiento Somos Venezuela dentro de las \u00e1reas de bondad de esta figura que va a las catacumbas del pueblo a buscar las necesidades m\u00e1s sentidas de la gente\u201d, sostuvo la Vicepresidenta.<\/p>\n\n\n\n<p>A la fecha, son m\u00e1s de 263 mil brigadistas acompa\u00f1an este trabajo frente a la crisis clim\u00e1tica; alcance que fue reconocido por el<br>presidente Maduro al saludar a los voluntarios que est\u00e1n recorriendo comunidad por comunidad.<\/p>\n\n\n\n<p>El Movimiento Somos Venezuela fue creado el 11 de junio de 2017, cuando fueron juramentados los brigadistas que se encargar\u00edan de verificar los datos del Carnet de la Patria, para hacer m\u00e1s eficiente la entrega de ayudas sociales a la poblaci\u00f3n sin intermediarios.<\/p>\n\n\n\n<p>El Movimiento Somos Venezuela y el Sistema de Misiones y Grandes Misiones Hugo Ch\u00e1vez Fr\u00edas destacan por su labor indetenible de brindar protecci\u00f3n al pueblo que no solo se encuentra en resistencia contra el virus de la COVID-19, sino tambi\u00e9n contra el bloqueo econ\u00f3mico ejecutado por pa\u00edses imperiales y promovidos por sectores extremistas de oposici\u00f3n.<\/p>\n\n\n\n<p><strong>Prensa Presidencial\/Ana\u00eds P\u00e9rez<\/strong><\/p>\n","protected":false},"excerpt":{"rendered":"<p>Kuwait City, Kuwait.- El Movimiento Somos Venezuela se sumar\u00e1 a las labores de atenci\u00f3n de las zonas afectadas por las recientes lluvias registradas en el pa\u00eds, anunci\u00f3 la vicepresidenta Ejecutiva, Delcy Rodr\u00edguez, en contacto v\u00eda videoconferencia con el presidente de la Rep\u00fablica, Nicol\u00e1s Maduro. \u201cEs un nuevo papel que tiene el Movimiento Somos Venezuela dentro [&hellip;]<\/p>\n","protected":false},"author":6,"featured_media":2415,"comment_status":"open","ping_status":"open","sticky":false,"template":"","format":"standard","meta":{"footnotes":""},"categories":[7],"tags":[],"class_list":["post-2412","post","type-post","status-publish","format-standard","has-post-thumbnail","hentry","category-notas-de-prensa"],"_links":{"self":[{"href":"https:\/\/prensapresidencialvenezuela.gob.ve\/index.php\/wp-json\/wp\/v2\/posts\/2412","targetHints":{"allow":["GET"]}}],"collection":[{"href":"https:\/\/prensapresidencialvenezuela.gob.ve\/index.php\/wp-json\/wp\/v2\/posts"}],"about":[{"href":"https:\/\/prensapresidencialvenezuela.gob.ve\/index.php\/wp-json\/wp\/v2\/types\/post"}],"author":[{"embeddable":true,"href":"https:\/\/prensapresidencialvenezuela.gob.ve\/index.php\/wp-json\/wp\/v2\/users\/6"}],"replies":[{"embeddable":true,"href":"https:\/\/prensapresidencialvenezuela.gob.ve\/index.php\/wp-json\/wp\/v2\/comments?post=2412"}],"version-history":[{"count":1,"href":"https:\/\/prensapresidencialvenezuela.gob.ve\/index.php\/wp-json\/wp\/v2\/posts\/2412\/revisions"}],"predecessor-version":[{"id":2416,"href":"https:\/\/prensapresidencialvenezuela.gob.ve\/index.php\/wp-json\/wp\/v2\/posts\/2412\/revisions\/2416"}],"wp:featuredmedia":[{"embeddable":true,"href":"https:\/\/prensapresidencialvenezuela.gob.ve\/index.php\/wp-json\/wp\/v2\/media\/2415"}],"wp:attachment":[{"href":"https:\/\/prensapresidencialvenezuela.gob.ve\/index.php\/wp-json\/wp\/v2\/media?parent=2412"}],"wp:term":[{"taxonomy":"category","embeddable":true,"href":"https:\/\/prensapresidencialvenezuela.gob.ve\/index.php\/wp-json\/wp\/v2\/categories?post=2412"},{"taxonomy":"post_tag","embeddable":true,"href":"https:\/\/prensapresidencialvenezuela.gob.ve\/index.php\/wp-json\/wp\/v2\/tags?post=2412"}],"curies":[{"name":"wp","href":"https:\/\/api.w.org\/{rel}","templated":true}]}}