{"id":2423,"date":"2022-06-14T17:04:00","date_gmt":"2022-06-14T17:04:00","guid":{"rendered":"http:\/\/172.27.0.121\/?p=2423"},"modified":"2022-07-13T17:05:27","modified_gmt":"2022-07-13T17:05:27","slug":"jefe-de-estado-venezolano-afianza-lazos-de-cooperacion-en-reunion-con-el-canciller-kuwaiti","status":"publish","type":"post","link":"https:\/\/prensapresidencialvenezuela.gob.ve\/index.php\/2022\/06\/14\/jefe-de-estado-venezolano-afianza-lazos-de-cooperacion-en-reunion-con-el-canciller-kuwaiti\/","title":{"rendered":"Jefe de Estado venezolano afianza lazos de cooperaci\u00f3n en reuni\u00f3n con el canciller kuwait\u00ed"},"content":{"rendered":"\n<p><strong>Ciudad de Kuwait, Kuwait.-<\/strong> El presidente de la Rep\u00fablica Bolivariana de Venezuela, Nicol\u00e1s Maduro, sostuvo una reuni\u00f3n con el ministro de Asuntos Exteriores y Presidente de Fondo de Kuwait para el Desarrollo Econ\u00f3mico \u00c1rabe, su Excelencia el Jeque Ahmed Nasser Al Mohammed Al Sabah, desde el Palacio de Bay\u00e1n, a fin de estrechar lazos de cooperaci\u00f3n entre ambos pueblos.<\/p>\n\n\n\n<p>Este encuentro sirvi\u00f3 para que las partes pasaran revista a los avances alcanzados en los convenios de cooperaci\u00f3n suscritos entre Venezuela y la naci\u00f3n del golfo ar\u00e1bigo, en materia pol\u00edtica, econ\u00f3mica y comercial, as\u00ed como otros sectores estrat\u00e9gicos, como la cultura, en los que Venezuela y Kuwait comparten proyectos conjuntos.<\/p>\n\n\n\n<p>Tomando en consideraci\u00f3n que Venezuela y Kuwait son miembros plenos de la Organizaci\u00f3n de Pa\u00edses Exportadores de Petr\u00f3leo (OPEP), y desde esta instancia han luchado en conjunto por la estabilizaci\u00f3n de los precios del crudo, adem\u00e1s de coincidir en la necesidad del recorte en la producci\u00f3n para tal fin, este encuentro entre el jefe de Estado venezolano y el ministro de Asuntos Exteriores y Presidente de Fondo de Kuwait para el Desarrollo Econ\u00f3mico \u00c1rabe, dio paso a evaluar lo concerniente al acuerdo OPEP-no OPEP.<\/p>\n\n\n\n<p>El objetivo es afianzar la relaci\u00f3n como miembros del Comit\u00e9 Ministerial de Monitoreo constituido como parte del convenio entre pa\u00edses productores de crudo.<\/p>\n\n\n\n<p>En esta reuni\u00f3n participaron por Venezuela el ministro del Poder Popular para Relaciones Exteriores, Carlos Far\u00eda Tortosa; la diputada Cilia Flores de Maduro; la viceministra Capaya Rodr\u00edguez y el embajador Rub\u00e9n \u00c1vila \u00c1vila. Por Kuwait su canciller y el embajador Nasser Bareh AlEnezi.<\/p>\n\n\n\n<p><strong>Relaci\u00f3n bilateral en contexto<\/strong><\/p>\n\n\n\n<p>En febrero de este a\u00f1o, Venezuela reafirm\u00f3 sus lazos de cooperaci\u00f3n con Kuwait en la defensa del multilateralismo e intereses extranjeros.<\/p>\n\n\n\n<p>Fue mediante un comunicado de la canciller\u00eda venezolana, que la Rep\u00fablica Bolivariana de Venezuela transmiti\u00f3 al pueblo y Gobierno del Estado de Kuwait las sinceras felicitaciones por el aniversario de su D\u00eda Nacional, reiterando los hist\u00f3ricos lazos de hermandad y cooperaci\u00f3n que unen a Venezuela y Kuwait en el marco de OPEP (Organizaci\u00f3n de Pa\u00edses Exportadores de Petr\u00f3leo) y en la defensa del multilateralismo e intereses estrat\u00e9gicos.<\/p>\n\n\n\n<p>Venezuela y Kuwait comenzaron formalmente sus relaciones diplom\u00e1ticas en 1965, a\u00f1o desde el cual las coincidencias se han visto enmarcadas en el \u00e1mbito de la OPEP, en la que ambos pa\u00edses son miembros.<\/p>\n\n\n\n<p>En octubre de 2021, ambos pa\u00edses firmaron un acuerdo de cooperaci\u00f3n en el \u00e1mbito art\u00edstico y cultural, mediante la promoci\u00f3n del intercambio de actividades relacionadas con la literatura, el cine, la arquitectura, los museos, la m\u00fasica, la danza, el teatro, las bibliotecas y los archivos.<\/p>\n\n\n\n<p><strong>Prensa Presidencial\/Ana\u00eds P\u00e9rez\u00a0<\/strong><\/p>\n","protected":false},"excerpt":{"rendered":"<p>Ciudad de Kuwait, Kuwait.- El presidente de la Rep\u00fablica Bolivariana de Venezuela, Nicol\u00e1s Maduro, sostuvo una reuni\u00f3n con el ministro de Asuntos Exteriores y Presidente de Fondo de Kuwait para el Desarrollo Econ\u00f3mico \u00c1rabe, su Excelencia el Jeque Ahmed Nasser Al Mohammed Al Sabah, desde el Palacio de Bay\u00e1n, a fin de estrechar lazos de [&hellip;]<\/p>\n","protected":false},"author":6,"featured_media":2425,"comment_status":"open","ping_status":"open","sticky":false,"template":"","format":"standard","meta":{"footnotes":""},"categories":[7],"tags":[],"class_list":["post-2423","post","type-post","status-publish","format-standard","has-post-thumbnail","hentry","category-notas-de-prensa"],"_links":{"self":[{"href":"https:\/\/prensapresidencialvenezuela.gob.ve\/index.php\/wp-json\/wp\/v2\/posts\/2423","targetHints":{"allow":["GET"]}}],"collection":[{"href":"https:\/\/prensapresidencialvenezuela.gob.ve\/index.php\/wp-json\/wp\/v2\/posts"}],"about":[{"href":"https:\/\/prensapresidencialvenezuela.gob.ve\/index.php\/wp-json\/wp\/v2\/types\/post"}],"author":[{"embeddable":true,"href":"https:\/\/prensapresidencialvenezuela.gob.ve\/index.php\/wp-json\/wp\/v2\/users\/6"}],"replies":[{"embeddable":true,"href":"https:\/\/prensapresidencialvenezuela.gob.ve\/index.php\/wp-json\/wp\/v2\/comments?post=2423"}],"version-history":[{"count":1,"href":"https:\/\/prensapresidencialvenezuela.gob.ve\/index.php\/wp-json\/wp\/v2\/posts\/2423\/revisions"}],"predecessor-version":[{"id":2426,"href":"https:\/\/prensapresidencialvenezuela.gob.ve\/index.php\/wp-json\/wp\/v2\/posts\/2423\/revisions\/2426"}],"wp:featuredmedia":[{"embeddable":true,"href":"https:\/\/prensapresidencialvenezuela.gob.ve\/index.php\/wp-json\/wp\/v2\/media\/2425"}],"wp:attachment":[{"href":"https:\/\/prensapresidencialvenezuela.gob.ve\/index.php\/wp-json\/wp\/v2\/media?parent=2423"}],"wp:term":[{"taxonomy":"category","embeddable":true,"href":"https:\/\/prensapresidencialvenezuela.gob.ve\/index.php\/wp-json\/wp\/v2\/categories?post=2423"},{"taxonomy":"post_tag","embeddable":true,"href":"https:\/\/prensapresidencialvenezuela.gob.ve\/index.php\/wp-json\/wp\/v2\/tags?post=2423"}],"curies":[{"name":"wp","href":"https:\/\/api.w.org\/{rel}","templated":true}]}}