{"id":2441,"date":"2022-06-14T17:10:00","date_gmt":"2022-06-14T17:10:00","guid":{"rendered":"http:\/\/172.27.0.121\/?p=2441"},"modified":"2022-07-13T17:11:03","modified_gmt":"2022-07-13T17:11:03","slug":"resumen-kuwait-y-venezuela-acuerdan-elevar-cooperacion-energetica-para-el-desarrollo-conjunto","status":"publish","type":"post","link":"https:\/\/prensapresidencialvenezuela.gob.ve\/index.php\/2022\/06\/14\/resumen-kuwait-y-venezuela-acuerdan-elevar-cooperacion-energetica-para-el-desarrollo-conjunto\/","title":{"rendered":"RESUMEN | Kuwait y Venezuela acuerdan elevar cooperaci\u00f3n energ\u00e9tica para el desarrollo conjunto"},"content":{"rendered":"\n<p><strong>Ciudad de Kuwait, Kuwait.- <\/strong>A trav\u00e9s de la activaci\u00f3n de la Comisi\u00f3n Mixta Kuwait \u2013 Venezuela, ambas naciones trazan una agenda conjunta para elevar la cooperaci\u00f3n en el \u00e1rea petrolera y gas\u00edfera en el contexto de la Organizaci\u00f3n de Pa\u00edses Exportadores de Petr\u00f3leo (OPEP).<\/p>\n\n\n\n<p>El acuerdo se desprende de la visita oficial realizada por el presidente de la Rep\u00fablica, Nicol\u00e1s Maduro, al Estado de Kuwait que \u201cdeja buenos resultados\u201d para ambas naciones.<\/p>\n\n\n\n<p>Asimismo, los planes espec\u00edficos de cooperaci\u00f3n Kuwait \u2013 Venezuela est\u00e1n enfocados en el \u00e1mbito pol\u00edtico y diplom\u00e1tico, as\u00ed como una hoja de ruta para proyectos conjuntos en materia de producci\u00f3n agr\u00edcola.<\/p>\n\n\n\n<p>Conozca a detalle la agenda de trabajo del presidente Nicol\u00e1s Maduro:<\/p>\n\n\n\n<ul class=\"wp-block-list\"><li>Reuni\u00f3n con el pr\u00f3ximo secretario general de la Organizaci\u00f3n de Pa\u00edses Exportadores de Petr\u00f3leo (OPEP), Haitham Al Ghais, quien asumir\u00e1 el cargo el pr\u00f3ximo 1\u00b0 de agosto para el periodo 2022-2025.<\/li><li>Kuwait y Venezuela afianzan lazos de cooperaci\u00f3n a trav\u00e9s del di\u00e1logo sostenido entre el jefe de Estado y de Gobierno, Nicol\u00e1s Maduro, y el ministro de Asuntos Exteriores y presidente del Fondo de Kuwait para el Desarrollo Econ\u00f3mico \u00c1rabe, jeque Ahmed Nasser Al Mohammed Al Sabah.<\/li><li>En el contexto de la agenda de cooperaci\u00f3n, el presidente Nicol\u00e1s Maduro se re\u00fane con el presidente de la Asamblea Nacional de Kuwait, Marzouq Al-Ghanim.<\/li><li>En la Casa Real de Kuwait, el primer ministro, jeque Sabah al Khalid al Sabah, recibe al mandatario venezolano para ampliar las relaciones pol\u00edticas y diplom\u00e1ticas.<\/li><li>Caracas invita al Fondo de Inversiones de Kuwait a invertir en proyectos del \u00e1rea tur\u00edstica, energ\u00e9tica y comercial en Venezuela.<\/li><\/ul>\n\n\n\n<p><strong>Prensa Presidencial\/Karelis Gonz\u00e1lez<\/strong><\/p>\n","protected":false},"excerpt":{"rendered":"<p>Ciudad de Kuwait, Kuwait.- A trav\u00e9s de la activaci\u00f3n de la Comisi\u00f3n Mixta Kuwait \u2013 Venezuela, ambas naciones trazan una agenda conjunta para elevar la cooperaci\u00f3n en el \u00e1rea petrolera y gas\u00edfera en el contexto de la Organizaci\u00f3n de Pa\u00edses Exportadores de Petr\u00f3leo (OPEP). El acuerdo se desprende de la visita oficial realizada por el [&hellip;]<\/p>\n","protected":false},"author":6,"featured_media":2443,"comment_status":"open","ping_status":"open","sticky":false,"template":"","format":"standard","meta":{"footnotes":""},"categories":[7],"tags":[],"class_list":["post-2441","post","type-post","status-publish","format-standard","has-post-thumbnail","hentry","category-notas-de-prensa"],"_links":{"self":[{"href":"https:\/\/prensapresidencialvenezuela.gob.ve\/index.php\/wp-json\/wp\/v2\/posts\/2441","targetHints":{"allow":["GET"]}}],"collection":[{"href":"https:\/\/prensapresidencialvenezuela.gob.ve\/index.php\/wp-json\/wp\/v2\/posts"}],"about":[{"href":"https:\/\/prensapresidencialvenezuela.gob.ve\/index.php\/wp-json\/wp\/v2\/types\/post"}],"author":[{"embeddable":true,"href":"https:\/\/prensapresidencialvenezuela.gob.ve\/index.php\/wp-json\/wp\/v2\/users\/6"}],"replies":[{"embeddable":true,"href":"https:\/\/prensapresidencialvenezuela.gob.ve\/index.php\/wp-json\/wp\/v2\/comments?post=2441"}],"version-history":[{"count":1,"href":"https:\/\/prensapresidencialvenezuela.gob.ve\/index.php\/wp-json\/wp\/v2\/posts\/2441\/revisions"}],"predecessor-version":[{"id":2444,"href":"https:\/\/prensapresidencialvenezuela.gob.ve\/index.php\/wp-json\/wp\/v2\/posts\/2441\/revisions\/2444"}],"wp:featuredmedia":[{"embeddable":true,"href":"https:\/\/prensapresidencialvenezuela.gob.ve\/index.php\/wp-json\/wp\/v2\/media\/2443"}],"wp:attachment":[{"href":"https:\/\/prensapresidencialvenezuela.gob.ve\/index.php\/wp-json\/wp\/v2\/media?parent=2441"}],"wp:term":[{"taxonomy":"category","embeddable":true,"href":"https:\/\/prensapresidencialvenezuela.gob.ve\/index.php\/wp-json\/wp\/v2\/categories?post=2441"},{"taxonomy":"post_tag","embeddable":true,"href":"https:\/\/prensapresidencialvenezuela.gob.ve\/index.php\/wp-json\/wp\/v2\/tags?post=2441"}],"curies":[{"name":"wp","href":"https:\/\/api.w.org\/{rel}","templated":true}]}}