{"id":24538,"date":"2025-10-13T20:00:32","date_gmt":"2025-10-14T00:00:32","guid":{"rendered":"https:\/\/prensapresidencialvenezuela.gob.ve\/?p=24538"},"modified":"2025-10-13T20:00:33","modified_gmt":"2025-10-14T00:00:33","slug":"consenso-nacional-repudia-plan-guerrerista-de-oligarquia-extremista","status":"publish","type":"post","link":"https:\/\/prensapresidencialvenezuela.gob.ve\/index.php\/2025\/10\/13\/consenso-nacional-repudia-plan-guerrerista-de-oligarquia-extremista\/","title":{"rendered":"Consenso nacional repudia plan guerrerista de oligarqu\u00eda extremista"},"content":{"rendered":"\n<p><strong>Caracas, Venezuela. \u2013 <\/strong>Durante su programa semanal Con Maduro +, en el segmento Zona Digital, el presidente de la Rep\u00fablica Bolivariana de Venezuela, Nicol\u00e1s Maduro Moros, asever\u00f3 que en Venezuela existe un consenso nacional para defender el derecho a la paz y el futuro de Venezuela, \u00ablo m\u00e1s importante por encima de cualquier diferencia pol\u00edtica e ideol\u00f3gica\u00bb.<\/p>\n\n\n\n<p>En la misma l\u00ednea, destac\u00f3 que los venezolanos tambi\u00e9n est\u00e1n dispuestos a defender el car\u00e1cter e identidad del pa\u00eds; adem\u00e1s de condenar la opci\u00f3n aventurera y guerrerista que pretende \u00abel grupo m\u00e1s pesado y extremista que ya ha sido derrotado durante 26 a\u00f1os\u00bb.<\/p>\n\n\n\n<p>En este orden de ideas, el Presidente ha precisado que los venezolanos no son delincuentes ni miembros de ning\u00fan Tren de Aragua, porque \u00absomos gente de trabajo, de cultura, de alegr\u00eda, de prosperidad y de comunidades llenos de cordialidad\u00bb.<\/p>\n\n\n\n<p>En contexto, el Mandatario venezolano se\u00f1al\u00f3 que el d\u00eda de ayer, durante la gran marcha por el \u00abD\u00eda de la Resistencia Ind\u00edgena\u00bb, mencion\u00f3 que agencias internacionales han rese\u00f1ado que m\u00e1s del 90% del pa\u00eds rechaza de manera contundente el llamado a invasi\u00f3n y rechaza las amenazas del gobierno de los Estados Unidos.<\/p>\n\n\n\n<p><strong>Prensa Presidencial\/ Irmary D\u00edaz<\/strong><\/p>\n","protected":false},"excerpt":{"rendered":"<p>Caracas, Venezuela. \u2013 Durante su programa semanal Con Maduro +, en el segmento Zona Digital, el presidente de la Rep\u00fablica Bolivariana de Venezuela, Nicol\u00e1s Maduro Moros, asever\u00f3 que en Venezuela existe un consenso nacional para defender el derecho a la paz y el futuro de Venezuela, \u00ablo m\u00e1s importante por encima de cualquier diferencia pol\u00edtica [&hellip;]<\/p>\n","protected":false},"author":1,"featured_media":24539,"comment_status":"open","ping_status":"open","sticky":false,"template":"","format":"standard","meta":{"footnotes":""},"categories":[18,7],"tags":[],"class_list":["post-24538","post","type-post","status-publish","format-standard","has-post-thumbnail","hentry","category-noticias-principales","category-notas-de-prensa"],"_links":{"self":[{"href":"https:\/\/prensapresidencialvenezuela.gob.ve\/index.php\/wp-json\/wp\/v2\/posts\/24538","targetHints":{"allow":["GET"]}}],"collection":[{"href":"https:\/\/prensapresidencialvenezuela.gob.ve\/index.php\/wp-json\/wp\/v2\/posts"}],"about":[{"href":"https:\/\/prensapresidencialvenezuela.gob.ve\/index.php\/wp-json\/wp\/v2\/types\/post"}],"author":[{"embeddable":true,"href":"https:\/\/prensapresidencialvenezuela.gob.ve\/index.php\/wp-json\/wp\/v2\/users\/1"}],"replies":[{"embeddable":true,"href":"https:\/\/prensapresidencialvenezuela.gob.ve\/index.php\/wp-json\/wp\/v2\/comments?post=24538"}],"version-history":[{"count":1,"href":"https:\/\/prensapresidencialvenezuela.gob.ve\/index.php\/wp-json\/wp\/v2\/posts\/24538\/revisions"}],"predecessor-version":[{"id":24540,"href":"https:\/\/prensapresidencialvenezuela.gob.ve\/index.php\/wp-json\/wp\/v2\/posts\/24538\/revisions\/24540"}],"wp:featuredmedia":[{"embeddable":true,"href":"https:\/\/prensapresidencialvenezuela.gob.ve\/index.php\/wp-json\/wp\/v2\/media\/24539"}],"wp:attachment":[{"href":"https:\/\/prensapresidencialvenezuela.gob.ve\/index.php\/wp-json\/wp\/v2\/media?parent=24538"}],"wp:term":[{"taxonomy":"category","embeddable":true,"href":"https:\/\/prensapresidencialvenezuela.gob.ve\/index.php\/wp-json\/wp\/v2\/categories?post=24538"},{"taxonomy":"post_tag","embeddable":true,"href":"https:\/\/prensapresidencialvenezuela.gob.ve\/index.php\/wp-json\/wp\/v2\/tags?post=24538"}],"curies":[{"name":"wp","href":"https:\/\/api.w.org\/{rel}","templated":true}]}}