{"id":24541,"date":"2025-10-13T20:02:50","date_gmt":"2025-10-14T00:02:50","guid":{"rendered":"https:\/\/prensapresidencialvenezuela.gob.ve\/?p=24541"},"modified":"2025-10-13T20:02:50","modified_gmt":"2025-10-14T00:02:50","slug":"seran-activadas-tres-zodi-para-el-resguardo-de-los-mares-del-atlantico-y-el-caribe-venezolano","status":"publish","type":"post","link":"https:\/\/prensapresidencialvenezuela.gob.ve\/index.php\/2025\/10\/13\/seran-activadas-tres-zodi-para-el-resguardo-de-los-mares-del-atlantico-y-el-caribe-venezolano\/","title":{"rendered":"Ser\u00e1n activadas tres ZODI para el resguardo de los mares del Atl\u00e1ntico y el Caribe venezolano"},"content":{"rendered":"\n<p><strong>Caracas, 13 de octubre de 2025 \u2013 <\/strong>El presidente de la Rep\u00fablica Bolivariana de Venezuela, Nicol\u00e1s Maduro, anunci\u00f3 este lunes la activaci\u00f3n de tres Zonas Operativas de Defensa Integral (ZODI), para el resguardo de \u00ablos mares del Atl\u00e1ntico Venezolano y de toda la fachada Caribe Atl\u00e1ntica\u00bb.<\/p>\n\n\n\n<p>Durante la edici\u00f3n n\u00famero 94 de su programa semanal <em>Con Maduro+,<\/em> el Jefe de Estado detall\u00f3 que las ZODI corresponden a los estados Nueva Esparta, Sucre y Delta Amacuro, cuyo accionamiento formal est\u00e1 pautado para las 00:00 horas del martes 14 de octubre.<\/p>\n\n\n\n<p>Se\u00f1al\u00f3 que esta activaci\u00f3n forma parte de un proceso continuo para que Venezuela \u00abest\u00e9 preparada para seguir ganando la paz, ejerciendo su soberan\u00eda con independencia y ganando el derecho a la vida y a la alegr\u00eda\u00bb. En tal sentido, el Presidente reiter\u00f3 su consigna: \u00abSi quieres la paz, prep\u00e1rate para ganarla\u00bb.<\/p>\n\n\n\n<p>Por otro lado, record\u00f3 que la semana pasada se activaron las ZODI en ocho estados: La Guaira, Zulia, Anzo\u00e1tegui, Monagas, Bol\u00edvar, Carabobo, Aragua y Falc\u00f3n, en las cuales se cumplieron 27 tareas integrales. El Mandatario nacional adelant\u00f3 que durante esta semana se dar\u00e1 continuidad a las acciones defensivas de otras ZODI en el pa\u00eds.<\/p>\n\n\n\n<p><strong>En contexto<\/strong><\/p>\n\n\n\n<p>El ministro del Poder Popular para la Defensa, Vladimir Padrino L\u00f3pez, a principios de mes sostuvo que, dentro de los 27 acciones territoriales o tareas, se contempla garantizar estrat\u00e9gicamente las actividades cotidianas del pa\u00eds a trav\u00e9s del control interno. Explic\u00f3 que esto incluye la protecci\u00f3n de instalaciones estrat\u00e9gicas, como petroleras, petroqu\u00edmicas, estaciones de servicios, gasoductos, llenaderos de combustibles, estaciones de servicios, entre otros.<\/p>\n\n\n\n<p><strong>Prensa Presidencial \/ Iliana Rosales<\/strong><\/p>\n","protected":false},"excerpt":{"rendered":"<p>Caracas, 13 de octubre de 2025 \u2013 El presidente de la Rep\u00fablica Bolivariana de Venezuela, Nicol\u00e1s Maduro, anunci\u00f3 este lunes la activaci\u00f3n de tres Zonas Operativas de Defensa Integral (ZODI), para el resguardo de \u00ablos mares del Atl\u00e1ntico Venezolano y de toda la fachada Caribe Atl\u00e1ntica\u00bb. Durante la edici\u00f3n n\u00famero 94 de su programa semanal [&hellip;]<\/p>\n","protected":false},"author":1,"featured_media":24542,"comment_status":"open","ping_status":"open","sticky":false,"template":"","format":"standard","meta":{"footnotes":""},"categories":[18,7],"tags":[],"class_list":["post-24541","post","type-post","status-publish","format-standard","has-post-thumbnail","hentry","category-noticias-principales","category-notas-de-prensa"],"_links":{"self":[{"href":"https:\/\/prensapresidencialvenezuela.gob.ve\/index.php\/wp-json\/wp\/v2\/posts\/24541","targetHints":{"allow":["GET"]}}],"collection":[{"href":"https:\/\/prensapresidencialvenezuela.gob.ve\/index.php\/wp-json\/wp\/v2\/posts"}],"about":[{"href":"https:\/\/prensapresidencialvenezuela.gob.ve\/index.php\/wp-json\/wp\/v2\/types\/post"}],"author":[{"embeddable":true,"href":"https:\/\/prensapresidencialvenezuela.gob.ve\/index.php\/wp-json\/wp\/v2\/users\/1"}],"replies":[{"embeddable":true,"href":"https:\/\/prensapresidencialvenezuela.gob.ve\/index.php\/wp-json\/wp\/v2\/comments?post=24541"}],"version-history":[{"count":1,"href":"https:\/\/prensapresidencialvenezuela.gob.ve\/index.php\/wp-json\/wp\/v2\/posts\/24541\/revisions"}],"predecessor-version":[{"id":24543,"href":"https:\/\/prensapresidencialvenezuela.gob.ve\/index.php\/wp-json\/wp\/v2\/posts\/24541\/revisions\/24543"}],"wp:featuredmedia":[{"embeddable":true,"href":"https:\/\/prensapresidencialvenezuela.gob.ve\/index.php\/wp-json\/wp\/v2\/media\/24542"}],"wp:attachment":[{"href":"https:\/\/prensapresidencialvenezuela.gob.ve\/index.php\/wp-json\/wp\/v2\/media?parent=24541"}],"wp:term":[{"taxonomy":"category","embeddable":true,"href":"https:\/\/prensapresidencialvenezuela.gob.ve\/index.php\/wp-json\/wp\/v2\/categories?post=24541"},{"taxonomy":"post_tag","embeddable":true,"href":"https:\/\/prensapresidencialvenezuela.gob.ve\/index.php\/wp-json\/wp\/v2\/tags?post=24541"}],"curies":[{"name":"wp","href":"https:\/\/api.w.org\/{rel}","templated":true}]}}