{"id":24548,"date":"2025-10-13T21:17:05","date_gmt":"2025-10-14T01:17:05","guid":{"rendered":"https:\/\/prensapresidencialvenezuela.gob.ve\/?p=24548"},"modified":"2025-10-13T21:17:06","modified_gmt":"2025-10-14T01:17:06","slug":"venezuela-propone-apoyar-a-gaza-con-una-brigada-internacional-para-su-reconstruccion","status":"publish","type":"post","link":"https:\/\/prensapresidencialvenezuela.gob.ve\/index.php\/2025\/10\/13\/venezuela-propone-apoyar-a-gaza-con-una-brigada-internacional-para-su-reconstruccion\/","title":{"rendered":"Venezuela propone apoyar a Gaza con una brigada internacional para su reconstrucci\u00f3n\u00a0"},"content":{"rendered":"\n<p><strong>Caracas, Venezuela.-<\/strong> El presidente de la Rep\u00fablica Bolivariana de Venezuela, Nicol\u00e1s Maduro, anunci\u00f3 este lunes la propuesta de enviar brigadas internacionalistas de paz a Gaza, conformadas por constructores, agricultores y m\u00e9dicos, con el fin de ayudar y acompa\u00f1ar al pueblo palestino en su proceso de reconstrucci\u00f3n.<\/p>\n\n\n\n<p>La declaraci\u00f3n fue emitida durante el programa <em>Con Maduro +,<\/em> edici\u00f3n 94, en la que el Mandatario nacional hizo referencia al acuerdo de cese del fuego logrado en la Cumbre de Paz de Oriente Medio, celebrada en Egipto.<\/p>\n\n\n\n<p>El Mandatario expres\u00f3 su esperanza de que \u00abesta causa sagrada de la humanidad no sea abandonada m\u00e1s nunca, hasta que se logre el gran objetivo del renacimiento de Palestina\u00bb.<\/p>\n\n\n\n<p>Igualmente, manifest\u00f3 que el pacto alcanzado genera \u00abesperanza de que este sea el inicio de un acuerdo integral, para garantizarle al pueblo palestino la justicia, la paz y su Estado independiente, como mandatan las resoluciones de la Organizaci\u00f3n de Naciones Unidas en 1948 y 1967\u00bb.<\/p>\n\n\n\n<p>Record\u00f3 que el derecho internacional, desde la resoluci\u00f3n 242 de 1967, obliga a la restituci\u00f3n de territorios y al establecimiento de la autoridad palestina, con su capital en Jerusal\u00e9n Este.<\/p>\n\n\n\n<p>Por otro lado, el presidente Maduro hizo un llamado a la opini\u00f3n p\u00fablica mundial para que se mantenga movilizada, ya que considera que esta es la \u00fanica v\u00eda para avanzar hacia un \u00abverdadero convenio integral de paz, que protejan los derechos del pueblo palestino\u00bb.<\/p>\n\n\n\n<p>Asimismo, subray\u00f3 la necesidad de justicia por el genocidio ocurrido, pues, \u00abpara que haya paz tiene que haber justicia\u00bb, y confi\u00f3 en que los pa\u00edses aseguren los pr\u00f3ximos pasos para \u00abla reconstrucci\u00f3n de Gaza, la garant\u00eda de Cisjordania y el reconocimiento del Estado palestino por las Naciones Unidas\u00bb.<\/p>\n\n\n\n<p><strong>Prensa Presidencial \/ Iliana Rosales<\/strong><\/p>\n","protected":false},"excerpt":{"rendered":"<p>Caracas, Venezuela.- El presidente de la Rep\u00fablica Bolivariana de Venezuela, Nicol\u00e1s Maduro, anunci\u00f3 este lunes la propuesta de enviar brigadas internacionalistas de paz a Gaza, conformadas por constructores, agricultores y m\u00e9dicos, con el fin de ayudar y acompa\u00f1ar al pueblo palestino en su proceso de reconstrucci\u00f3n. La declaraci\u00f3n fue emitida durante el programa Con Maduro [&hellip;]<\/p>\n","protected":false},"author":1,"featured_media":24549,"comment_status":"open","ping_status":"open","sticky":false,"template":"","format":"standard","meta":{"footnotes":""},"categories":[18,7],"tags":[],"class_list":["post-24548","post","type-post","status-publish","format-standard","has-post-thumbnail","hentry","category-noticias-principales","category-notas-de-prensa"],"_links":{"self":[{"href":"https:\/\/prensapresidencialvenezuela.gob.ve\/index.php\/wp-json\/wp\/v2\/posts\/24548","targetHints":{"allow":["GET"]}}],"collection":[{"href":"https:\/\/prensapresidencialvenezuela.gob.ve\/index.php\/wp-json\/wp\/v2\/posts"}],"about":[{"href":"https:\/\/prensapresidencialvenezuela.gob.ve\/index.php\/wp-json\/wp\/v2\/types\/post"}],"author":[{"embeddable":true,"href":"https:\/\/prensapresidencialvenezuela.gob.ve\/index.php\/wp-json\/wp\/v2\/users\/1"}],"replies":[{"embeddable":true,"href":"https:\/\/prensapresidencialvenezuela.gob.ve\/index.php\/wp-json\/wp\/v2\/comments?post=24548"}],"version-history":[{"count":1,"href":"https:\/\/prensapresidencialvenezuela.gob.ve\/index.php\/wp-json\/wp\/v2\/posts\/24548\/revisions"}],"predecessor-version":[{"id":24550,"href":"https:\/\/prensapresidencialvenezuela.gob.ve\/index.php\/wp-json\/wp\/v2\/posts\/24548\/revisions\/24550"}],"wp:featuredmedia":[{"embeddable":true,"href":"https:\/\/prensapresidencialvenezuela.gob.ve\/index.php\/wp-json\/wp\/v2\/media\/24549"}],"wp:attachment":[{"href":"https:\/\/prensapresidencialvenezuela.gob.ve\/index.php\/wp-json\/wp\/v2\/media?parent=24548"}],"wp:term":[{"taxonomy":"category","embeddable":true,"href":"https:\/\/prensapresidencialvenezuela.gob.ve\/index.php\/wp-json\/wp\/v2\/categories?post=24548"},{"taxonomy":"post_tag","embeddable":true,"href":"https:\/\/prensapresidencialvenezuela.gob.ve\/index.php\/wp-json\/wp\/v2\/tags?post=24548"}],"curies":[{"name":"wp","href":"https:\/\/api.w.org\/{rel}","templated":true}]}}