{"id":24560,"date":"2025-10-13T22:19:40","date_gmt":"2025-10-14T02:19:40","guid":{"rendered":"https:\/\/prensapresidencialvenezuela.gob.ve\/?p=24560"},"modified":"2025-10-13T22:19:42","modified_gmt":"2025-10-14T02:19:42","slug":"inauguraran-el-primer-salon-nacional-de-las-artes-elsa-morales-el-proximo-25-de-noviembre","status":"publish","type":"post","link":"https:\/\/prensapresidencialvenezuela.gob.ve\/index.php\/2025\/10\/13\/inauguraran-el-primer-salon-nacional-de-las-artes-elsa-morales-el-proximo-25-de-noviembre\/","title":{"rendered":"Inaugurar\u00e1n el primer Sal\u00f3n Nacional de las Artes \u00abElsa Morales\u00bb el pr\u00f3ximo 25 de noviembre"},"content":{"rendered":"\n<p><strong>Caracas, Venezuela. \u2013 <\/strong>El ministro del Poder Popular para la Cultura, Ernesto Villegas, anunci\u00f3 que para el pr\u00f3ximo 25 de noviembre se inaugurar\u00e1 el primer Sal\u00f3n Nacional de las Artes \u00abElsa Morales\u00bb, artista venezolana que fue v\u00edctima de un ataque en el a\u00f1o 2002, en la plaza Altamira de la ciudad caraque\u00f1a, por su ideolog\u00eda pol\u00edtica, rasgos y vestimenta ind\u00edgena.<\/p>\n\n\n\n<p>En este sentido, el Ministro Villegas destac\u00f3 que desde el momento en que se realiz\u00f3 la convocatoria de esta apertura, ya se han presentado mil 200 obras, lo que significa que \u00abel arte, es un signo vital de la Naci\u00f3n\u00bb.&nbsp;&nbsp;<\/p>\n\n\n\n<p>Por su parte, la Viceministra de Cultura para las Artes de la Imagen y el Espacio de Venezuela, Mary Pemjean, inform\u00f3 que en este museo moderno donde se tendr\u00e1n 20 artistas emergentes, j\u00f3venes que forman parte del semillero que est\u00e1 surgiendo en el pa\u00eds.<\/p>\n\n\n\n<p>Al mismo tiempo, acot\u00f3 que en el Centro de Estudios Latinoamericanos R\u00f3mulo Gallegos, ya ha sido inaugurada una sala inmersiva de nuevas tecnolog\u00edas para mostrar las obras vivas de cada uno de los artistas como Jos\u00e9 Antonio D\u00e1vila, Bel\u00e9n Parada, Juan Antonio Calzadilla, que en su diversidad muestran el trabajo que han cosechado por d\u00e9cadas.&nbsp;<\/p>\n\n\n\n<p>Asimismo, subray\u00f3 que esta exposici\u00f3n contar\u00e1 con tecnolog\u00eda para mostrar mediante movimientos, sonidos el arte y una \u00abexpresi\u00f3n art\u00edstica potente\u00bb.<\/p>\n\n\n\n<p>Mientras que en el Museo de la Estampa y del Dise\u00f1o Carlos Cruz Diez, se dar\u00e1 a cita para un conglomerado de fot\u00f3grafos que han instalado una experiencia fotogr\u00e1fica, con el objetivo de exponer el trabajo de mujeres que han recorrido todo el pa\u00eds.<\/p>\n\n\n\n<p><strong>Prensa Presidencial\/ Irmary D\u00edaz<\/strong><\/p>\n","protected":false},"excerpt":{"rendered":"<p>Caracas, Venezuela. \u2013 El ministro del Poder Popular para la Cultura, Ernesto Villegas, anunci\u00f3 que para el pr\u00f3ximo 25 de noviembre se inaugurar\u00e1 el primer Sal\u00f3n Nacional de las Artes \u00abElsa Morales\u00bb, artista venezolana que fue v\u00edctima de un ataque en el a\u00f1o 2002, en la plaza Altamira de la ciudad caraque\u00f1a, por su ideolog\u00eda [&hellip;]<\/p>\n","protected":false},"author":1,"featured_media":24564,"comment_status":"open","ping_status":"open","sticky":false,"template":"","format":"standard","meta":{"footnotes":""},"categories":[18,7],"tags":[],"class_list":["post-24560","post","type-post","status-publish","format-standard","has-post-thumbnail","hentry","category-noticias-principales","category-notas-de-prensa"],"_links":{"self":[{"href":"https:\/\/prensapresidencialvenezuela.gob.ve\/index.php\/wp-json\/wp\/v2\/posts\/24560","targetHints":{"allow":["GET"]}}],"collection":[{"href":"https:\/\/prensapresidencialvenezuela.gob.ve\/index.php\/wp-json\/wp\/v2\/posts"}],"about":[{"href":"https:\/\/prensapresidencialvenezuela.gob.ve\/index.php\/wp-json\/wp\/v2\/types\/post"}],"author":[{"embeddable":true,"href":"https:\/\/prensapresidencialvenezuela.gob.ve\/index.php\/wp-json\/wp\/v2\/users\/1"}],"replies":[{"embeddable":true,"href":"https:\/\/prensapresidencialvenezuela.gob.ve\/index.php\/wp-json\/wp\/v2\/comments?post=24560"}],"version-history":[{"count":1,"href":"https:\/\/prensapresidencialvenezuela.gob.ve\/index.php\/wp-json\/wp\/v2\/posts\/24560\/revisions"}],"predecessor-version":[{"id":24565,"href":"https:\/\/prensapresidencialvenezuela.gob.ve\/index.php\/wp-json\/wp\/v2\/posts\/24560\/revisions\/24565"}],"wp:featuredmedia":[{"embeddable":true,"href":"https:\/\/prensapresidencialvenezuela.gob.ve\/index.php\/wp-json\/wp\/v2\/media\/24564"}],"wp:attachment":[{"href":"https:\/\/prensapresidencialvenezuela.gob.ve\/index.php\/wp-json\/wp\/v2\/media?parent=24560"}],"wp:term":[{"taxonomy":"category","embeddable":true,"href":"https:\/\/prensapresidencialvenezuela.gob.ve\/index.php\/wp-json\/wp\/v2\/categories?post=24560"},{"taxonomy":"post_tag","embeddable":true,"href":"https:\/\/prensapresidencialvenezuela.gob.ve\/index.php\/wp-json\/wp\/v2\/tags?post=24560"}],"curies":[{"name":"wp","href":"https:\/\/api.w.org\/{rel}","templated":true}]}}