{"id":24561,"date":"2025-10-13T21:45:00","date_gmt":"2025-10-14T01:45:00","guid":{"rendered":"https:\/\/prensapresidencialvenezuela.gob.ve\/?p=24561"},"modified":"2025-10-13T21:45:01","modified_gmt":"2025-10-14T01:45:01","slug":"vi-bienal-de-sur-se-desarrollara-hasta-el-16-de-enero-del-2026-con-el-lema-pueblos-en-resistencia","status":"publish","type":"post","link":"https:\/\/prensapresidencialvenezuela.gob.ve\/index.php\/2025\/10\/13\/vi-bienal-de-sur-se-desarrollara-hasta-el-16-de-enero-del-2026-con-el-lema-pueblos-en-resistencia\/","title":{"rendered":"VI Bienal de Sur se desarrollar\u00e1 hasta el 16 de enero del 2026 con el lema \u00abPueblos en Resistencia\u00bb"},"content":{"rendered":"\n<p><strong>Caracas, Venezuela. \u2013 <\/strong>Durante el segmento<strong> \u00ab<\/strong>Cultura\u00bb de su programa <em>Con Maduro +, <\/em>el presidente de la Rep\u00fablica Bolivariana de Venezuela, Nicol\u00e1s Maduro Moros, invit\u00f3 al pueblo venezolano a asistir a la exposici\u00f3n de la VI Bienal del Sur, en la que participan 176 artistas nacionales y m\u00e1s de 24 pa\u00edses del mundo, con el lema de \u00abPueblos en Resistencia\u00bb y uni\u00f3n de los pueblos del mundo.<\/p>\n\n\n\n<p>En la misma l\u00ednea, el Jefe de Estado ha destacado que desde al a\u00f1o 2015, se ha desarrollado una din\u00e1mica de articulaci\u00f3n del arte de Am\u00e9rica y del Sur Global, ya que tiene la finalidad de recogerla identidad, la soberan\u00eda, el patrimonio, enmarcado en tres corrientes: el imaginario, el cuerpo y el territorio.<\/p>\n\n\n\n<p>Al mismo tiempo, acot\u00f3 que en esta bienal tambi\u00e9n han estado presente 26 artistas internacionales invitados, quienes adem\u00e1s han recorrido parte de la ciudad de Caracas, como en comunidades, comunas, circuitos comunales y en las calles, para acompa\u00f1ar al pueblo artista.<\/p>\n\n\n\n<p>Por este motivo, el Dignatario venezolano ha subrayado que, aunque el pa\u00eds \u00abha navegado por un mar tormentoso, lo ha hecho con serenidad, nutri\u00e9ndose mediante la cultura, la ciencia, la tecnolog\u00eda, el debate y el arte.<\/p>\n\n\n\n<p>Por su parte, el ministro del Poder Popular para la Cultura, Ernesto Villegas, acot\u00f3 que este di\u00e1logo intercultural, que busca la identidad y es alternativa cultural, presenta artistas de 16 naciones, que han puesto sus obras para exhibici\u00f3n.<\/p>\n\n\n\n<p>En este sentido, es de inter\u00e9s mencionar que esta exposici\u00f3n estar\u00e1 en el Museo de Bellas Artes, Museo de la Estampa y del Dise\u00f1o Carlos Cruz Diez, y el Centro de Estudios Latinoamericanos R\u00f3mulo Gallegos.<\/p>\n\n\n\n<p><strong>Prensa Presidencial\/ Irmary D\u00edaz<\/strong><\/p>\n","protected":false},"excerpt":{"rendered":"<p>Caracas, Venezuela. \u2013 Durante el segmento \u00abCultura\u00bb de su programa Con Maduro +, el presidente de la Rep\u00fablica Bolivariana de Venezuela, Nicol\u00e1s Maduro Moros, invit\u00f3 al pueblo venezolano a asistir a la exposici\u00f3n de la VI Bienal del Sur, en la que participan 176 artistas nacionales y m\u00e1s de 24 pa\u00edses del mundo, con el [&hellip;]<\/p>\n","protected":false},"author":1,"featured_media":24562,"comment_status":"open","ping_status":"open","sticky":false,"template":"","format":"standard","meta":{"footnotes":""},"categories":[18,7],"tags":[],"class_list":["post-24561","post","type-post","status-publish","format-standard","has-post-thumbnail","hentry","category-noticias-principales","category-notas-de-prensa"],"_links":{"self":[{"href":"https:\/\/prensapresidencialvenezuela.gob.ve\/index.php\/wp-json\/wp\/v2\/posts\/24561","targetHints":{"allow":["GET"]}}],"collection":[{"href":"https:\/\/prensapresidencialvenezuela.gob.ve\/index.php\/wp-json\/wp\/v2\/posts"}],"about":[{"href":"https:\/\/prensapresidencialvenezuela.gob.ve\/index.php\/wp-json\/wp\/v2\/types\/post"}],"author":[{"embeddable":true,"href":"https:\/\/prensapresidencialvenezuela.gob.ve\/index.php\/wp-json\/wp\/v2\/users\/1"}],"replies":[{"embeddable":true,"href":"https:\/\/prensapresidencialvenezuela.gob.ve\/index.php\/wp-json\/wp\/v2\/comments?post=24561"}],"version-history":[{"count":1,"href":"https:\/\/prensapresidencialvenezuela.gob.ve\/index.php\/wp-json\/wp\/v2\/posts\/24561\/revisions"}],"predecessor-version":[{"id":24563,"href":"https:\/\/prensapresidencialvenezuela.gob.ve\/index.php\/wp-json\/wp\/v2\/posts\/24561\/revisions\/24563"}],"wp:featuredmedia":[{"embeddable":true,"href":"https:\/\/prensapresidencialvenezuela.gob.ve\/index.php\/wp-json\/wp\/v2\/media\/24562"}],"wp:attachment":[{"href":"https:\/\/prensapresidencialvenezuela.gob.ve\/index.php\/wp-json\/wp\/v2\/media?parent=24561"}],"wp:term":[{"taxonomy":"category","embeddable":true,"href":"https:\/\/prensapresidencialvenezuela.gob.ve\/index.php\/wp-json\/wp\/v2\/categories?post=24561"},{"taxonomy":"post_tag","embeddable":true,"href":"https:\/\/prensapresidencialvenezuela.gob.ve\/index.php\/wp-json\/wp\/v2\/tags?post=24561"}],"curies":[{"name":"wp","href":"https:\/\/api.w.org\/{rel}","templated":true}]}}