{"id":24566,"date":"2025-10-14T11:22:44","date_gmt":"2025-10-14T15:22:44","guid":{"rendered":"https:\/\/prensapresidencialvenezuela.gob.ve\/?p=24566"},"modified":"2025-10-14T11:22:45","modified_gmt":"2025-10-14T15:22:45","slug":"relanzamiento-de-la-gran-mision-venezuela-mujer-sera-activada-este-25oct","status":"publish","type":"post","link":"https:\/\/prensapresidencialvenezuela.gob.ve\/index.php\/2025\/10\/14\/relanzamiento-de-la-gran-mision-venezuela-mujer-sera-activada-este-25oct\/","title":{"rendered":"Relanzamiento de la Gran Misi\u00f3n Venezuela Mujer ser\u00e1 activada este #25Oct"},"content":{"rendered":"\n<p><strong>Caracas, Venezuela.- <\/strong>En el segmento \u00abGran Misi\u00f3n Venezuela Mujer\u00bb del programa <em>Con Maduro+,<\/em> No.94, el presidente de la Rep\u00fablica Bolivariana de Venezuela, Nicol\u00e1s Maduro Moros, junto a la ministra del Poder Popular para la Mujer e Igualdad de G\u00e9nero, Yelitze Santaella, anunci\u00f3 la segunda fase de expansi\u00f3n, crecimiento y protecci\u00f3n de la Mujer, este pr\u00f3ximo 25 de octubre, la cual lleva por nombre Gran Misi\u00f3n de Nueva Generaci\u00f3n.<\/p>\n\n\n\n<p>El Mandatario nacional explic\u00f3 que en dos a\u00f1os de gesti\u00f3n se han logrado grandes avances y esta Gran Misi\u00f3n de Nueva Generaci\u00f3n trata de una pol\u00edtica multidimensional, para acompa\u00f1ar a la mujer y a su familia en todos los aspectos de su vida. \u00abNo era f\u00e1cil poner en marcha, en varias direcciones, de manera arm\u00f3nica, varias acciones, varias iniciativas, varias tareas, para acompa\u00f1arlas en lo econ\u00f3mico, en la educaci\u00f3n, en todos los aspectos de la vida de la mujer, en todos los tiempos, en todas las edades, pero se activ\u00f3\u00bb, dijo el Presidente.<\/p>\n\n\n\n<p>La titular de la cartera de la Mujer, destac\u00f3 que se han legislado 28 leyes y 19 de ellas han sido dedicadas a garantizarles el pleno derecho y la protecci\u00f3n a una vida libre de violencia. \u00abHay una cosa muy importante, que es un gran objetivo de las grandes misiones de Nueva Generaci\u00f3n, que es lo que se llama la territorializaci\u00f3n\u00bb, explic\u00f3 el Jefe de Estado para referirse a los logros alcanzados.<\/p>\n\n\n\n<p>El presidente Maduro dirigi\u00f3 un mensaje a todas las lideresas venezolanas, en el que resalt\u00f3 que el pa\u00eds est\u00e1 listo para dar un salto, con la organizaci\u00f3n de m\u00e1s de 130 mil mujeres para representar cada v\u00e9rtice de la Gran Misi\u00f3n Venezuela Mujer en el territorio.<\/p>\n\n\n\n<p>El Jefe de Estado destac\u00f3, durante la transmisi\u00f3n de su programa de todos los lunes, que es necesario seguir fortaleciendo cada \u00e1mbito de acci\u00f3n. Para el primer v\u00e9rtice, correspondiente a la salud y la vida de la mujer en todas sus etapas, sugiri\u00f3 a la ministra Santaella ponerse en contacto con la Asociaci\u00f3n Nacional de Cl\u00ednicas Privadas, para brindar atenci\u00f3n a todas las mujeres venezolanas, bajo acuerdos de atenci\u00f3n a las mujeres de una familia: madre, hija, t\u00eda, abuela, sobrinas.<\/p>\n\n\n\n<p>Sobre el segundo v\u00e9rtice, asociado a educaci\u00f3n, cultura, ciencia y tecnolog\u00eda, el presidente Maduro solicit\u00f3 visibilizar todo el apoyo en educaci\u00f3n, en cultura, ciencia y tecnolog\u00eda.<\/p>\n\n\n\n<p>Para el tercer v\u00e9rtice, referente a la mujer como sujeto econ\u00f3mico independiente, el Mandatario nacional dijo: \u00abLa mujer tiene que ser libre, valorada y amada como un ser libre, no esclava de nadie\u00bb. Por ende, instruy\u00f3 todo el apoyo econ\u00f3mico a la mujer.<\/p>\n\n\n\n<p>El v\u00e9rtice cuatro de la Gran Misi\u00f3n Venezuela Mujer, que guarda relaci\u00f3n con la erradicaci\u00f3n de la violencia contra la mujer, el Jefe de Estado pidi\u00f3 controlar las tendencias violentas, posesivas, ego\u00edstas, celosas que se transmiten por las redes sociales.<\/p>\n\n\n\n<p>El v\u00e9rtice cinco, que proclama a la mujer protagonista, la ministra Santaella explic\u00f3 que actualmente las mujeres representan el 42% de participaci\u00f3n pol\u00edtica nacional, debido a que la Revoluci\u00f3n Bolivariana ha empoderado la mujer.<\/p>\n\n\n\n<p>Para el sexto v\u00e9rtice, el presidente Maduro dijo que es importante ganar la batalla comunicacional, dando la batalla de los valores.<\/p>\n\n\n\n<p>En el \u00faltimo y s\u00e9ptimo v\u00e9rtice, que guarda relaci\u00f3n al ecologismo y el mundo animalista, el Dignatario nacional deleg\u00f3 esta responsabilidad en la presidente de la Misi\u00f3n Nevado, Maigualida Vargas, para que la ejecute con el mayor \u00e9xito.<\/p>\n\n\n\n<figure class=\"wp-block-gallery has-nested-images columns-default is-cropped wp-block-gallery-1 is-layout-flex wp-block-gallery-is-layout-flex\">\n<figure class=\"wp-block-image size-large\"><img fetchpriority=\"high\" decoding=\"async\" width=\"1024\" height=\"682\" data-id=\"24568\" src=\"https:\/\/prensapresidencialvenezuela.gob.ve\/wp-content\/uploads\/2025\/10\/photo_5147632976047835986_y-1024x682.jpg\" alt=\"\" class=\"wp-image-24568\" srcset=\"https:\/\/prensapresidencialvenezuela.gob.ve\/wp-content\/uploads\/2025\/10\/photo_5147632976047835986_y-1024x682.jpg 1024w, https:\/\/prensapresidencialvenezuela.gob.ve\/wp-content\/uploads\/2025\/10\/photo_5147632976047835986_y-300x200.jpg 300w, https:\/\/prensapresidencialvenezuela.gob.ve\/wp-content\/uploads\/2025\/10\/photo_5147632976047835986_y-768x512.jpg 768w, https:\/\/prensapresidencialvenezuela.gob.ve\/wp-content\/uploads\/2025\/10\/photo_5147632976047835986_y.jpg 1280w\" sizes=\"(max-width: 1024px) 100vw, 1024px\" \/><\/figure>\n\n\n\n<figure class=\"wp-block-image size-large\"><img decoding=\"async\" width=\"1024\" height=\"682\" data-id=\"24569\" src=\"https:\/\/prensapresidencialvenezuela.gob.ve\/wp-content\/uploads\/2025\/10\/photo_5147632976047835988_y-1024x682.jpg\" alt=\"\" class=\"wp-image-24569\" srcset=\"https:\/\/prensapresidencialvenezuela.gob.ve\/wp-content\/uploads\/2025\/10\/photo_5147632976047835988_y-1024x682.jpg 1024w, https:\/\/prensapresidencialvenezuela.gob.ve\/wp-content\/uploads\/2025\/10\/photo_5147632976047835988_y-300x200.jpg 300w, https:\/\/prensapresidencialvenezuela.gob.ve\/wp-content\/uploads\/2025\/10\/photo_5147632976047835988_y-768x512.jpg 768w, https:\/\/prensapresidencialvenezuela.gob.ve\/wp-content\/uploads\/2025\/10\/photo_5147632976047835988_y.jpg 1280w\" sizes=\"(max-width: 1024px) 100vw, 1024px\" \/><\/figure>\n\n\n\n<figure class=\"wp-block-image size-large\"><img decoding=\"async\" width=\"847\" height=\"1024\" data-id=\"24570\" src=\"https:\/\/prensapresidencialvenezuela.gob.ve\/wp-content\/uploads\/2025\/10\/photo_5147632976047835990_y-847x1024.jpg\" alt=\"\" class=\"wp-image-24570\" srcset=\"https:\/\/prensapresidencialvenezuela.gob.ve\/wp-content\/uploads\/2025\/10\/photo_5147632976047835990_y-847x1024.jpg 847w, https:\/\/prensapresidencialvenezuela.gob.ve\/wp-content\/uploads\/2025\/10\/photo_5147632976047835990_y-248x300.jpg 248w, https:\/\/prensapresidencialvenezuela.gob.ve\/wp-content\/uploads\/2025\/10\/photo_5147632976047835990_y-768x928.jpg 768w, https:\/\/prensapresidencialvenezuela.gob.ve\/wp-content\/uploads\/2025\/10\/photo_5147632976047835990_y.jpg 1059w\" sizes=\"(max-width: 847px) 100vw, 847px\" \/><\/figure>\n<\/figure>\n\n\n\n<p><strong>Escuela Internacional de Liderazgo Feminista<\/strong><\/p>\n\n\n\n<p>En el estado Aragua inici\u00f3 el programa de formaci\u00f3n para lideras venezolanas, con un proyecto llamado \u00abSembrando a Nora Casta\u00f1eda desde la Comuna\u00bb, el cual consiste en la formaci\u00f3n de 47 mil voceras del Poder Popular.<\/p>\n\n\n\n<p>Actualmente, se construyen Centros de Atenci\u00f3n Comunal a la Mujer y a la Familia, para atender a 5 336 Comunas. Con Guinea Ecuatorial tambi\u00e9n se lleva a cabo una formaci\u00f3n v\u00eda on-line, que les permite a las mujeres venezolanas cruzar fronteras para llevar paz y alegr\u00eda.<\/p>\n\n\n\n<p>La Gran Misi\u00f3n Venezuela Mujer estima cerrar el a\u00f1o con la inauguraci\u00f3n formal de la Escuela Internacional de Liderazgo Feminista, para la formaci\u00f3n de las lideresas venezolanas a escala nacional e internacional.<\/p>\n\n\n\n<p><strong>Prensa Presidencial\/ Claudia Guerra M\u00e9ndez<\/strong><\/p>\n","protected":false},"excerpt":{"rendered":"<p>Caracas, Venezuela.- En el segmento \u00abGran Misi\u00f3n Venezuela Mujer\u00bb del programa Con Maduro+, No.94, el presidente de la Rep\u00fablica Bolivariana de Venezuela, Nicol\u00e1s Maduro Moros, junto a la ministra del Poder Popular para la Mujer e Igualdad de G\u00e9nero, Yelitze Santaella, anunci\u00f3 la segunda fase de expansi\u00f3n, crecimiento y protecci\u00f3n de la Mujer, este pr\u00f3ximo [&hellip;]<\/p>\n","protected":false},"author":1,"featured_media":24567,"comment_status":"open","ping_status":"open","sticky":false,"template":"","format":"standard","meta":{"footnotes":""},"categories":[18,7],"tags":[],"class_list":["post-24566","post","type-post","status-publish","format-standard","has-post-thumbnail","hentry","category-noticias-principales","category-notas-de-prensa"],"_links":{"self":[{"href":"https:\/\/prensapresidencialvenezuela.gob.ve\/index.php\/wp-json\/wp\/v2\/posts\/24566","targetHints":{"allow":["GET"]}}],"collection":[{"href":"https:\/\/prensapresidencialvenezuela.gob.ve\/index.php\/wp-json\/wp\/v2\/posts"}],"about":[{"href":"https:\/\/prensapresidencialvenezuela.gob.ve\/index.php\/wp-json\/wp\/v2\/types\/post"}],"author":[{"embeddable":true,"href":"https:\/\/prensapresidencialvenezuela.gob.ve\/index.php\/wp-json\/wp\/v2\/users\/1"}],"replies":[{"embeddable":true,"href":"https:\/\/prensapresidencialvenezuela.gob.ve\/index.php\/wp-json\/wp\/v2\/comments?post=24566"}],"version-history":[{"count":1,"href":"https:\/\/prensapresidencialvenezuela.gob.ve\/index.php\/wp-json\/wp\/v2\/posts\/24566\/revisions"}],"predecessor-version":[{"id":24571,"href":"https:\/\/prensapresidencialvenezuela.gob.ve\/index.php\/wp-json\/wp\/v2\/posts\/24566\/revisions\/24571"}],"wp:featuredmedia":[{"embeddable":true,"href":"https:\/\/prensapresidencialvenezuela.gob.ve\/index.php\/wp-json\/wp\/v2\/media\/24567"}],"wp:attachment":[{"href":"https:\/\/prensapresidencialvenezuela.gob.ve\/index.php\/wp-json\/wp\/v2\/media?parent=24566"}],"wp:term":[{"taxonomy":"category","embeddable":true,"href":"https:\/\/prensapresidencialvenezuela.gob.ve\/index.php\/wp-json\/wp\/v2\/categories?post=24566"},{"taxonomy":"post_tag","embeddable":true,"href":"https:\/\/prensapresidencialvenezuela.gob.ve\/index.php\/wp-json\/wp\/v2\/tags?post=24566"}],"curies":[{"name":"wp","href":"https:\/\/api.w.org\/{rel}","templated":true}]}}