{"id":24576,"date":"2025-10-15T15:28:43","date_gmt":"2025-10-15T19:28:43","guid":{"rendered":"https:\/\/prensapresidencialvenezuela.gob.ve\/?p=24576"},"modified":"2025-10-15T15:28:43","modified_gmt":"2025-10-15T19:28:43","slug":"zodi-maritimas-se-activaron-con-exito-y-el-presidente-maduro-insta-a-incrementar-tareas-de-defensa","status":"publish","type":"post","link":"https:\/\/prensapresidencialvenezuela.gob.ve\/index.php\/2025\/10\/15\/zodi-maritimas-se-activaron-con-exito-y-el-presidente-maduro-insta-a-incrementar-tareas-de-defensa\/","title":{"rendered":"ZODI mar\u00edtimas se activaron con \u00e9xito y el Presidente Maduro insta a incrementar tareas de defensa"},"content":{"rendered":"\n<p><strong>Fuerte Tiuna, Venezuela \u2013<\/strong> El presidente de la Rep\u00fablica Bolivariana de Venezuela, Nicol\u00e1s Maduro, calific\u00f3 este mi\u00e9rcoles como exitosa la jornada de ejercicios militares \u00abOperaci\u00f3n Independencia 200\u00bb, en la fachada Atl\u00e1ntica de Venezuela, espec\u00edficamente en las Zonas Operativas de Defensa Integral (ZODI) de los Estados Sucre, Nueva Esparta y Delta Amacuro.<\/p>\n\n\n\n<p>El Mandatario Nacional enfatiz\u00f3 la dimensi\u00f3n pol\u00edtica y popular de estas maniobras, que tienen por objetivo avanzar en 27 tareas de defensa, en perfecta uni\u00f3n -popular- policial, para consolidar la paz territorial, en momentos en que la Patria amerita salvaguardar sus destinos.<\/p>\n\n\n\n<p>\u00abUn \u00e9xito absoluto el despliegue. Vamos ganando la paz, zona por zona, territorio por territorio, estado por estado. \u00bfY qui\u00e9n gana la paz? La sociedad entera, el pueblo unido en perfecta uni\u00f3n nacional\u00bb, dijo, destacando que en Caracas y Miranda se hizo lo propio, a pesar de las lluvias y tormentas el\u00e9ctricas registradas.<\/p>\n\n\n\n<p><strong>Llamado a la Ofensiva<\/strong><\/p>\n\n\n\n<p>El tambi\u00e9n Comandante en Jefe de la Fuerza Armada Nacional Bolivariana (FANB), hizo un llamado directo a los componentes militares y al pueblo a elevar el nivel de adiestramiento y capacitaci\u00f3n en torno a las acciones defensivas:<\/p>\n\n\n\n<p>\u00abHay que incrementar todas las tareas en los d\u00edas que est\u00e1n por venir, todas las labores de preparaci\u00f3n integral para la defensa, cada vez mayor despliegue y m\u00e1xima preparaci\u00f3n, con confianza absoluta en el destino de nuestra patria, que Dios est\u00e1 con nosotros\u00bb, sostuvo.<\/p>\n\n\n\n<p>Como parte de la expansi\u00f3n de esta estrategia de seguridad, el Presidente anunci\u00f3 que este jueves continuar\u00e1n con la activaci\u00f3n de comandos estrat\u00e9gicos en la zona lim\u00edtrofe &nbsp;fronteriza: \u00abMa\u00f1ana, anuncio, tambi\u00e9n la activaci\u00f3n de las ZODI de parte de la frontera con nuestra hermana Colombia: T\u00e1chira, Apure y Amazonas. Activadas integralmente\u00bb.<\/p>\n\n\n\n<p>Concluy\u00f3 afirmando que \u00abVenezuela le pertenece a los venezolanos y venezolanas\u00bb, y destacando que cada ZODI supera su apresto operacional y se prepara para una \u00abdefensa popular, activa, creativa y prolongada, y en ofensiva permanente\u00bb.<\/p>\n\n\n\n<p><strong>Prensa Presidencial \/Iliana Rosales<\/strong><\/p>\n","protected":false},"excerpt":{"rendered":"<p>Fuerte Tiuna, Venezuela \u2013 El presidente de la Rep\u00fablica Bolivariana de Venezuela, Nicol\u00e1s Maduro, calific\u00f3 este mi\u00e9rcoles como exitosa la jornada de ejercicios militares \u00abOperaci\u00f3n Independencia 200\u00bb, en la fachada Atl\u00e1ntica de Venezuela, espec\u00edficamente en las Zonas Operativas de Defensa Integral (ZODI) de los Estados Sucre, Nueva Esparta y Delta Amacuro. El Mandatario Nacional enfatiz\u00f3 [&hellip;]<\/p>\n","protected":false},"author":1,"featured_media":24577,"comment_status":"open","ping_status":"open","sticky":false,"template":"","format":"standard","meta":{"footnotes":""},"categories":[18,7],"tags":[],"class_list":["post-24576","post","type-post","status-publish","format-standard","has-post-thumbnail","hentry","category-noticias-principales","category-notas-de-prensa"],"_links":{"self":[{"href":"https:\/\/prensapresidencialvenezuela.gob.ve\/index.php\/wp-json\/wp\/v2\/posts\/24576","targetHints":{"allow":["GET"]}}],"collection":[{"href":"https:\/\/prensapresidencialvenezuela.gob.ve\/index.php\/wp-json\/wp\/v2\/posts"}],"about":[{"href":"https:\/\/prensapresidencialvenezuela.gob.ve\/index.php\/wp-json\/wp\/v2\/types\/post"}],"author":[{"embeddable":true,"href":"https:\/\/prensapresidencialvenezuela.gob.ve\/index.php\/wp-json\/wp\/v2\/users\/1"}],"replies":[{"embeddable":true,"href":"https:\/\/prensapresidencialvenezuela.gob.ve\/index.php\/wp-json\/wp\/v2\/comments?post=24576"}],"version-history":[{"count":1,"href":"https:\/\/prensapresidencialvenezuela.gob.ve\/index.php\/wp-json\/wp\/v2\/posts\/24576\/revisions"}],"predecessor-version":[{"id":24578,"href":"https:\/\/prensapresidencialvenezuela.gob.ve\/index.php\/wp-json\/wp\/v2\/posts\/24576\/revisions\/24578"}],"wp:featuredmedia":[{"embeddable":true,"href":"https:\/\/prensapresidencialvenezuela.gob.ve\/index.php\/wp-json\/wp\/v2\/media\/24577"}],"wp:attachment":[{"href":"https:\/\/prensapresidencialvenezuela.gob.ve\/index.php\/wp-json\/wp\/v2\/media?parent=24576"}],"wp:term":[{"taxonomy":"category","embeddable":true,"href":"https:\/\/prensapresidencialvenezuela.gob.ve\/index.php\/wp-json\/wp\/v2\/categories?post=24576"},{"taxonomy":"post_tag","embeddable":true,"href":"https:\/\/prensapresidencialvenezuela.gob.ve\/index.php\/wp-json\/wp\/v2\/tags?post=24576"}],"curies":[{"name":"wp","href":"https:\/\/api.w.org\/{rel}","templated":true}]}}