{"id":24579,"date":"2025-10-15T17:44:08","date_gmt":"2025-10-15T21:44:08","guid":{"rendered":"https:\/\/prensapresidencialvenezuela.gob.ve\/?p=24579"},"modified":"2025-10-15T17:44:09","modified_gmt":"2025-10-15T21:44:09","slug":"consejo-de-soberania-y-paz-presenta-resultados-de-las-primeras-mesas-de-trabajo-ante-el-ejecutivo-nacional","status":"publish","type":"post","link":"https:\/\/prensapresidencialvenezuela.gob.ve\/index.php\/2025\/10\/15\/consejo-de-soberania-y-paz-presenta-resultados-de-las-primeras-mesas-de-trabajo-ante-el-ejecutivo-nacional\/","title":{"rendered":"Consejo de Soberan\u00eda y Paz presenta resultados de las primeras mesas de trabajo ante el Ejecutivo Nacional"},"content":{"rendered":"\n<p><strong>Teatro Teresa Carre\u00f1o, Caracas.-<\/strong> En un nuevo Encuentro del Consejo Nacional de Soberan\u00eda y Paz, realizado este mi\u00e9rcoles en el Teatro Teresa Carre\u00f1o, el presidente de la Rep\u00fablica Bolivariana de Venezuela, Nicol\u00e1s Maduro Moros, recibi\u00f3 de parte de todos los sectores presentes los resultados de las 4 mesas de trabajo: internacional, pol\u00edtica, comunicacional y econ\u00f3mica, de las cuales surgieron m\u00e1s de 30 actividades que se desarrollar\u00e1n en los pr\u00f3ximos meses.<\/p>\n\n\n\n<p>En la agenda a desplegar habr\u00e1 un encuentro internacional de juristas para discutir y defender los derechos inalienables para los venezolanos y las venezolanas, contenidos en Constituci\u00f3n Bolivariana de Venezuela, en la Carta de las Naciones Unidas y en la Carta de los Derechos Humanos.<\/p>\n\n\n\n<figure class=\"wp-block-image size-large\"><img fetchpriority=\"high\" decoding=\"async\" width=\"1024\" height=\"736\" src=\"https:\/\/prensapresidencialvenezuela.gob.ve\/wp-content\/uploads\/2025\/10\/06EG__8792_P-1024x736.jpg\" alt=\"\" class=\"wp-image-24581\" srcset=\"https:\/\/prensapresidencialvenezuela.gob.ve\/wp-content\/uploads\/2025\/10\/06EG__8792_P-1024x736.jpg 1024w, https:\/\/prensapresidencialvenezuela.gob.ve\/wp-content\/uploads\/2025\/10\/06EG__8792_P-300x216.jpg 300w, https:\/\/prensapresidencialvenezuela.gob.ve\/wp-content\/uploads\/2025\/10\/06EG__8792_P-768x552.jpg 768w, https:\/\/prensapresidencialvenezuela.gob.ve\/wp-content\/uploads\/2025\/10\/06EG__8792_P-1536x1104.jpg 1536w, https:\/\/prensapresidencialvenezuela.gob.ve\/wp-content\/uploads\/2025\/10\/06EG__8792_P-2048x1472.jpg 2048w\" sizes=\"(max-width: 1024px) 100vw, 1024px\" \/><\/figure>\n\n\n\n<p>Este evento dirigido por el secretario del Consejo Nacional de Soberan\u00eda y Paz, Jorge Rodr\u00edguez, asistieron los secretariados estadales de los 24 estados del pa\u00eds y de Caracas, representantes de las comunidades extranjeras en Venezuela, del sector econ\u00f3mico y empresarial, del sector universitario, de los movimientos sociales, del sector cultores e historiadores, del sector juventud, del sector pescadores y pescadoras, del sector deportivo, de las organizaciones pol\u00edticas, debidamente acreditadas ante el Consejo Nacional Electoral de Venezuela (CNE), trabajadores de la Central Bolivariana Socialista de Trabajadores de la Ciudad, Campo y Pesca de Venezuela, invitados especiales y medios de comunicaci\u00f3n social.<\/p>\n\n\n\n<p>Entre las autoridades que tambi\u00e9n asistieron al encuentro estuvieron el vicepresidente del Partido Socialista Unido de Venezuela (PSUV) para Asuntos Religiosos y Primer Vicepresidente de la Comisi\u00f3n Permanente de Econom\u00eda, Finanzas y Desarrollo Nacional de la Asamblea Nacional, Nicol\u00e1s Maduro Guerra; la diputada Integrante del Secretariado del Consejo Nacional por la Soberan\u00eda y la Paz, Segunda Vicepresidenta de la Asamblea Nacional, Am\u00e9rica P\u00e9rez D\u00e1vila; el diputado integrante del Secretariado del Consejo Nacional por la Soberan\u00eda y la Paz y Primer Vicepresidente de la Asamblea Nacional, Pedro Infante; y el segundo vicepresidente de la Comisi\u00f3n Permanente de Administraci\u00f3n y Servicios e integrante del Secretariado del Consejo Nacional por la Soberan\u00eda y la Paz, Luis Eduardo Mart\u00ednez, entre otros.<\/p>\n\n\n\n<p><strong>Prensa Presidencial\/Claudia Guerra M\u00e9ndez<\/strong><\/p>\n","protected":false},"excerpt":{"rendered":"<p>Teatro Teresa Carre\u00f1o, Caracas.- En un nuevo Encuentro del Consejo Nacional de Soberan\u00eda y Paz, realizado este mi\u00e9rcoles en el Teatro Teresa Carre\u00f1o, el presidente de la Rep\u00fablica Bolivariana de Venezuela, Nicol\u00e1s Maduro Moros, recibi\u00f3 de parte de todos los sectores presentes los resultados de las 4 mesas de trabajo: internacional, pol\u00edtica, comunicacional y econ\u00f3mica, [&hellip;]<\/p>\n","protected":false},"author":1,"featured_media":24580,"comment_status":"open","ping_status":"open","sticky":false,"template":"","format":"standard","meta":{"footnotes":""},"categories":[18,7],"tags":[],"class_list":["post-24579","post","type-post","status-publish","format-standard","has-post-thumbnail","hentry","category-noticias-principales","category-notas-de-prensa"],"_links":{"self":[{"href":"https:\/\/prensapresidencialvenezuela.gob.ve\/index.php\/wp-json\/wp\/v2\/posts\/24579","targetHints":{"allow":["GET"]}}],"collection":[{"href":"https:\/\/prensapresidencialvenezuela.gob.ve\/index.php\/wp-json\/wp\/v2\/posts"}],"about":[{"href":"https:\/\/prensapresidencialvenezuela.gob.ve\/index.php\/wp-json\/wp\/v2\/types\/post"}],"author":[{"embeddable":true,"href":"https:\/\/prensapresidencialvenezuela.gob.ve\/index.php\/wp-json\/wp\/v2\/users\/1"}],"replies":[{"embeddable":true,"href":"https:\/\/prensapresidencialvenezuela.gob.ve\/index.php\/wp-json\/wp\/v2\/comments?post=24579"}],"version-history":[{"count":1,"href":"https:\/\/prensapresidencialvenezuela.gob.ve\/index.php\/wp-json\/wp\/v2\/posts\/24579\/revisions"}],"predecessor-version":[{"id":24582,"href":"https:\/\/prensapresidencialvenezuela.gob.ve\/index.php\/wp-json\/wp\/v2\/posts\/24579\/revisions\/24582"}],"wp:featuredmedia":[{"embeddable":true,"href":"https:\/\/prensapresidencialvenezuela.gob.ve\/index.php\/wp-json\/wp\/v2\/media\/24580"}],"wp:attachment":[{"href":"https:\/\/prensapresidencialvenezuela.gob.ve\/index.php\/wp-json\/wp\/v2\/media?parent=24579"}],"wp:term":[{"taxonomy":"category","embeddable":true,"href":"https:\/\/prensapresidencialvenezuela.gob.ve\/index.php\/wp-json\/wp\/v2\/categories?post=24579"},{"taxonomy":"post_tag","embeddable":true,"href":"https:\/\/prensapresidencialvenezuela.gob.ve\/index.php\/wp-json\/wp\/v2\/tags?post=24579"}],"curies":[{"name":"wp","href":"https:\/\/api.w.org\/{rel}","templated":true}]}}