{"id":24583,"date":"2025-10-15T18:04:48","date_gmt":"2025-10-15T22:04:48","guid":{"rendered":"https:\/\/prensapresidencialvenezuela.gob.ve\/?p=24583"},"modified":"2025-10-15T18:05:33","modified_gmt":"2025-10-15T22:05:33","slug":"sectores-pesquero-universitario-y-empresarial-de-venezuela-estan-resteados-con-la-defensa-de-la-soberania-y-la-paz","status":"publish","type":"post","link":"https:\/\/prensapresidencialvenezuela.gob.ve\/index.php\/2025\/10\/15\/sectores-pesquero-universitario-y-empresarial-de-venezuela-estan-resteados-con-la-defensa-de-la-soberania-y-la-paz\/","title":{"rendered":"Sectores pesquero, universitario y empresarial de Venezuela est\u00e1n resteados con la Defensa de la Soberan\u00eda y la Paz"},"content":{"rendered":"\n<p><strong>Teatro Teresa Carre\u00f1o.- &nbsp;<\/strong>Un encuentro que viene a sumar a todos los sectores de la vida de la Rep\u00fablica Bolivariana de Venezuela para la gran defensa de la soberan\u00eda y la paz, es el escenario para que diferentes representantes del pa\u00eds se pronuncien en contra de las agresiones imperialistas de las que est\u00e1 siendo v\u00edctima el pueblo venezolano.<\/p>\n\n\n\n<p>En el nuevo Encuentro del Consejo Nacional de Soberan\u00eda y Paz, realizado en el Teatro Teresa Carre\u00f1o, la vocera del sector Pesquero y Acu\u00edcola de Venezuela, por el estado Anzo\u00e1tegui, Reimyris Marval, ratific\u00f3 el compromiso de los pescadores y pescadoras por seguir construyendo la soberan\u00eda y la paz de la Naci\u00f3n.<\/p>\n\n\n\n<p>Explic\u00f3 ante los presentes, en nombre de los pescadores y acuicultores, que est\u00e1n rompiendo el \u00abmito del miedo\u00bb, que ha trascendido las fronteras venezolanas y que indica que los pescadores han tenido miedo a continuar con sus actividades productivas. \u00abNo ha sido as\u00ed, el pescador no ha cesado en sus labores en nuestro Mar Caribe y tambi\u00e9n organizados ahora nuestra Milicia Pesquera Bolivariana\u00bb.<\/p>\n\n\n\n<p>Record\u00f3 que los pescadores y pescadoras del pa\u00eds tienen 30 buques industriales en el Mar Caribe realizando su faena de pesca, y m\u00e1s de 100 embarcaciones de pesca artesanal, de alta escala, tambi\u00e9n est\u00e1n en las costas haciendo su actividad productiva. Adicionalmente inform\u00f3 que la comunidad pesquera se est\u00e1 organizando en un programa nacional llamado Tejiendo Redes.<\/p>\n\n\n\n<p>Por su parte, el rector de la Universidad de Nueva Esparta, Jes\u00fas Alberto Ram\u00edrez, tom\u00f3 el derecho de palabra en nombre de los representantes de la comunidad universitaria del pa\u00eds para reafirmar que \u00abaqu\u00ed no hay (universidades) p\u00fablicas, privadas, conceptos sociol\u00f3gicos, nada. Aqu\u00ed estamos todos con un solo fin, tratar este sentimiento que tenemos\u00bb. En este contexto secretario del Consejo Nacional de Soberan\u00eda y Paz, Jorge Rodr\u00edguez, agreg\u00f3 que es un sentimiento de unidad nacional que permea en todos los espacios, en las aulas acad\u00e9micas, pero tambi\u00e9n en los espacios de la formaci\u00f3n pedag\u00f3gica.<\/p>\n\n\n\n<p>El rector Ram\u00edrez, en nombre de los 175 rectores que conforman el Consejo Nacional de Universidades (CNU), dijo que no solo asiste al encuentro para acompa\u00f1ar y ratificar el proceso de soberan\u00eda y paz, sino que asumen el compromiso de defensa dentro y fuera de las universidades, y \u00aben cada una de las dependencias que a nosotros nos corresponde actuar\u00bb, explic\u00f3.<\/p>\n\n\n\n<figure class=\"wp-block-gallery has-nested-images columns-default is-cropped wp-block-gallery-1 is-layout-flex wp-block-gallery-is-layout-flex\">\n<figure class=\"wp-block-image size-large\"><img fetchpriority=\"high\" decoding=\"async\" width=\"1002\" height=\"1024\" data-id=\"24586\" src=\"https:\/\/prensapresidencialvenezuela.gob.ve\/wp-content\/uploads\/2025\/10\/11EG__8925_P-1002x1024.jpg\" alt=\"\" class=\"wp-image-24586\" srcset=\"https:\/\/prensapresidencialvenezuela.gob.ve\/wp-content\/uploads\/2025\/10\/11EG__8925_P-1002x1024.jpg 1002w, https:\/\/prensapresidencialvenezuela.gob.ve\/wp-content\/uploads\/2025\/10\/11EG__8925_P-294x300.jpg 294w, https:\/\/prensapresidencialvenezuela.gob.ve\/wp-content\/uploads\/2025\/10\/11EG__8925_P-768x784.jpg 768w, https:\/\/prensapresidencialvenezuela.gob.ve\/wp-content\/uploads\/2025\/10\/11EG__8925_P-1504x1536.jpg 1504w, https:\/\/prensapresidencialvenezuela.gob.ve\/wp-content\/uploads\/2025\/10\/11EG__8925_P.jpg 1958w\" sizes=\"(max-width: 1002px) 100vw, 1002px\" \/><\/figure>\n\n\n\n<figure class=\"wp-block-image size-large\"><img decoding=\"async\" width=\"1021\" height=\"1024\" data-id=\"24587\" src=\"https:\/\/prensapresidencialvenezuela.gob.ve\/wp-content\/uploads\/2025\/10\/12EG__8938_P-1021x1024.jpg\" alt=\"\" class=\"wp-image-24587\" srcset=\"https:\/\/prensapresidencialvenezuela.gob.ve\/wp-content\/uploads\/2025\/10\/12EG__8938_P-1021x1024.jpg 1021w, https:\/\/prensapresidencialvenezuela.gob.ve\/wp-content\/uploads\/2025\/10\/12EG__8938_P-300x300.jpg 300w, https:\/\/prensapresidencialvenezuela.gob.ve\/wp-content\/uploads\/2025\/10\/12EG__8938_P-150x150.jpg 150w, https:\/\/prensapresidencialvenezuela.gob.ve\/wp-content\/uploads\/2025\/10\/12EG__8938_P-768x770.jpg 768w, https:\/\/prensapresidencialvenezuela.gob.ve\/wp-content\/uploads\/2025\/10\/12EG__8938_P-1531x1536.jpg 1531w, https:\/\/prensapresidencialvenezuela.gob.ve\/wp-content\/uploads\/2025\/10\/12EG__8938_P.jpg 1994w\" sizes=\"(max-width: 1021px) 100vw, 1021px\" \/><\/figure>\n\n\n\n<figure class=\"wp-block-image size-large\"><img decoding=\"async\" width=\"1024\" height=\"1002\" data-id=\"24588\" src=\"https:\/\/prensapresidencialvenezuela.gob.ve\/wp-content\/uploads\/2025\/10\/13EG__9047_P-1024x1002.jpg\" alt=\"\" class=\"wp-image-24588\" srcset=\"https:\/\/prensapresidencialvenezuela.gob.ve\/wp-content\/uploads\/2025\/10\/13EG__9047_P-1024x1002.jpg 1024w, https:\/\/prensapresidencialvenezuela.gob.ve\/wp-content\/uploads\/2025\/10\/13EG__9047_P-300x294.jpg 300w, https:\/\/prensapresidencialvenezuela.gob.ve\/wp-content\/uploads\/2025\/10\/13EG__9047_P-768x751.jpg 768w, https:\/\/prensapresidencialvenezuela.gob.ve\/wp-content\/uploads\/2025\/10\/13EG__9047_P-1536x1503.jpg 1536w, https:\/\/prensapresidencialvenezuela.gob.ve\/wp-content\/uploads\/2025\/10\/13EG__9047_P.jpg 2044w\" sizes=\"(max-width: 1024px) 100vw, 1024px\" \/><\/figure>\n<\/figure>\n\n\n\n<p>Seguidamente, el vocero por el sector de comunidades extranjeras en el Consejo Nacional por la Soberan\u00eda y la Paz en Venezuela, Marco Mauricio Manocchio Ziccardi, en nombre de la comunidad italo-venezolana y de todas las comunidades extranjeras establecidas en el pa\u00eds, dio las gracias a Venezuela por la vida, y por la oportunidad que el pa\u00eds brind\u00f3 a sus connacionales. \u00abQue nuestra \u00fanica bandera sea siempre la del reencuentro y la paz\u00bb expres\u00f3.<\/p>\n\n\n\n<p>Manocchio Ziccardi en su discurso destac\u00f3 c\u00f3mo los dejaron ser venezolanos, sin obligarnos a renunciar a su nacionalidad inicial. \u00abNos permitieron ambas cosas. \u00bfSe puede ser as\u00ed o m\u00e1s generoso como pueblo, como naci\u00f3n, como pa\u00eds\u00bb, fueron sus palabras para denotar su profundo amor a Venezuela?<\/p>\n\n\n\n<p>Entre las acciones que emprender\u00e1 el Consejo Nacional por la Soberan\u00eda y Paz, a partir de este momento, ser\u00e1 organizar el Congreso Internacional de Juristas y Acad\u00e9micos por el Derecho a la Paz, con la participaci\u00f3n de expertos internacionales que expongan la violaci\u00f3n al derecho internacional y a los derechos elementales del ser humano, con sede en Venezuela.<\/p>\n\n\n\n<h2 class=\"wp-block-heading\"><strong>Agenda Internacional como pr\u00f3ximos pasos<\/strong><\/h2>\n\n\n\n<p>El Secretario de Consejo, Jorge Rodr\u00edguez, tambi\u00e9n inform\u00f3 que el mismo se promover\u00e1 ante el Ministerio P\u00fablico de Venezuela y ante instancias judiciales internacionales para que se establezcan responsabilidades de car\u00e1cter penal sobre las amenazas y agresiones que han sido impulsadas por el gobierno de Estados Unidos contra Venezuela.<\/p>\n\n\n\n<p>\u00abHemos propuesto tambi\u00e9n la redacci\u00f3n de un acuerdo nacional por la soberan\u00eda y la paz que sea firmado por todas las secretar\u00edas del Consejo Nacional y tambi\u00e9n por todas las mujeres y hombres de Venezuela para que sea la verdad de nuestro pueblo la que se imponga frente a la mentira\u00bb, detall\u00f3 Jorge Rodr\u00edguez.<\/p>\n\n\n\n<p>Tambi\u00e9n est\u00e1 prevista la creaci\u00f3n de una agenda de movilizaci\u00f3n cultural, recreacional, deportiva, un ciclo de conferencias especializadas con voceros nacionales e internacionales en los temas relacionados con la paz y con las nuevas formas de agresi\u00f3n psicol\u00f3gica o de agresi\u00f3n de nuevo cu\u00f1o o de quinta generaci\u00f3n; adem\u00e1s de proponer una reuni\u00f3n de parlamentarios y parlamentarias de todo el Caribe para insistir en la declaraci\u00f3n del territorio caribe\u00f1o como una zona de paz.<\/p>\n\n\n\n<p><strong>Prensa Presidencial\/ Claudia Guerra M\u00e9ndez<\/strong><\/p>\n","protected":false},"excerpt":{"rendered":"<p>Teatro Teresa Carre\u00f1o.- &nbsp;Un encuentro que viene a sumar a todos los sectores de la vida de la Rep\u00fablica Bolivariana de Venezuela para la gran defensa de la soberan\u00eda y la paz, es el escenario para que diferentes representantes del pa\u00eds se pronuncien en contra de las agresiones imperialistas de las que est\u00e1 siendo v\u00edctima [&hellip;]<\/p>\n","protected":false},"author":1,"featured_media":24584,"comment_status":"open","ping_status":"open","sticky":false,"template":"","format":"standard","meta":{"footnotes":""},"categories":[18,7],"tags":[],"class_list":["post-24583","post","type-post","status-publish","format-standard","has-post-thumbnail","hentry","category-noticias-principales","category-notas-de-prensa"],"_links":{"self":[{"href":"https:\/\/prensapresidencialvenezuela.gob.ve\/index.php\/wp-json\/wp\/v2\/posts\/24583","targetHints":{"allow":["GET"]}}],"collection":[{"href":"https:\/\/prensapresidencialvenezuela.gob.ve\/index.php\/wp-json\/wp\/v2\/posts"}],"about":[{"href":"https:\/\/prensapresidencialvenezuela.gob.ve\/index.php\/wp-json\/wp\/v2\/types\/post"}],"author":[{"embeddable":true,"href":"https:\/\/prensapresidencialvenezuela.gob.ve\/index.php\/wp-json\/wp\/v2\/users\/1"}],"replies":[{"embeddable":true,"href":"https:\/\/prensapresidencialvenezuela.gob.ve\/index.php\/wp-json\/wp\/v2\/comments?post=24583"}],"version-history":[{"count":2,"href":"https:\/\/prensapresidencialvenezuela.gob.ve\/index.php\/wp-json\/wp\/v2\/posts\/24583\/revisions"}],"predecessor-version":[{"id":24589,"href":"https:\/\/prensapresidencialvenezuela.gob.ve\/index.php\/wp-json\/wp\/v2\/posts\/24583\/revisions\/24589"}],"wp:featuredmedia":[{"embeddable":true,"href":"https:\/\/prensapresidencialvenezuela.gob.ve\/index.php\/wp-json\/wp\/v2\/media\/24584"}],"wp:attachment":[{"href":"https:\/\/prensapresidencialvenezuela.gob.ve\/index.php\/wp-json\/wp\/v2\/media?parent=24583"}],"wp:term":[{"taxonomy":"category","embeddable":true,"href":"https:\/\/prensapresidencialvenezuela.gob.ve\/index.php\/wp-json\/wp\/v2\/categories?post=24583"},{"taxonomy":"post_tag","embeddable":true,"href":"https:\/\/prensapresidencialvenezuela.gob.ve\/index.php\/wp-json\/wp\/v2\/tags?post=24583"}],"curies":[{"name":"wp","href":"https:\/\/api.w.org\/{rel}","templated":true}]}}