{"id":24595,"date":"2025-10-15T18:38:17","date_gmt":"2025-10-15T22:38:17","guid":{"rendered":"https:\/\/prensapresidencialvenezuela.gob.ve\/?p=24595"},"modified":"2025-10-15T18:38:18","modified_gmt":"2025-10-15T22:38:18","slug":"gobierno-bolivariano-insta-a-llevar-la-verdad-de-venezuela-a-la-opinion-publica-estadounidense","status":"publish","type":"post","link":"https:\/\/prensapresidencialvenezuela.gob.ve\/index.php\/2025\/10\/15\/gobierno-bolivariano-insta-a-llevar-la-verdad-de-venezuela-a-la-opinion-publica-estadounidense\/","title":{"rendered":"Gobierno Bolivariano insta a llevar la verdad de Venezuela a la opini\u00f3n p\u00fablica estadounidense"},"content":{"rendered":"\n<p><strong>Teatro Teresa Carre\u00f1o, Caracas.-<\/strong> Durante su discurso en el Encuentro del Consejo Nacional por la Defensa de la Soberan\u00eda y la Paz, en el complejo cultural del Teresa Carre\u00f1o, el presidente de la Rep\u00fablica Bolivariana de Venezuela, Nicol\u00e1s Maduro Moros, denunci\u00f3 una vez m\u00e1s que el imperio estadounidense con su ideolog\u00eda supremacista cree que puede \u00abuniformar a todos en un solo pensamiento, en un solo orden y un solo mando\u00bb.<\/p>\n\n\n\n<p>En este escenario de profundo respeto y compromiso de los sectores asistentes con la paz y prosperidad del pa\u00eds, el Presidente instruy\u00f3 asumir una tarea con mayor profundidad y creatividad: \u00abLlevar la verdad, la fuerza y voluntad de Paz de Venezuela a la opini\u00f3n p\u00fablica estadounidense (..) Decirle al pueblo de Estados Unidos, no a la guerra, no queremos una guerra en el Caribe ni en Sudam\u00e9rica\u00bb, destac\u00f3.<\/p>\n\n\n\n<p>Destac\u00f3 que las autoridades del norte est\u00e1n \u00abfuera de \u00e9poca\u00bb, donde \u00ablos supremacistas piensan que ellos ordenan y nosotros obedecemos\u00bb, dijo ante los representantes de los sectores pesquero, universitario, de comunidades extranjeras, diputados, diputadas, l\u00edderes empresariales, culturales, sociales, de la clase obrera, l\u00edderes partidistas y medios de comunicaci\u00f3n social, entre otros representantes, que hicieron acto de presencia en el encuentro.<\/p>\n\n\n\n<p><strong>Una econom\u00eda que busca equilibrios<\/strong><\/p>\n\n\n\n<p>A juicio del Presidente Nicol\u00e1s Maduro, Venezuela ha encontrado su camino en la econom\u00eda propia, \u00abtodos ustedes est\u00e1n pr\u00f3speros y trabajando y todos los empresarios, grandes, peque\u00f1os, emprendedores, comerciantes est\u00e1n ilusionados con el buen fin de a\u00f1o que va a tener Venezuela en este trimestre, cuarto trimestre del a\u00f1o\u00bb, explic\u00f3 a los sectores productivos del pa\u00eds.<\/p>\n\n\n\n<p>En este mismo contexto destac\u00f3 que \u00abhay perturbaciones, las vamos a superar tambi\u00e9n, es cuesti\u00f3n de tiempo, equilibrios. Hay un Producto Interno Bruto que ha crecido demasiado y exige, ya este a\u00f1o debemos cerrar con un Producto Interno Bruto casi de 150 mil millones de d\u00f3lares, superior que cuando ten\u00edamos los ingresos 2010-2012 de 57 mil millones de d\u00f3lares. Y esa econom\u00eda la estamos moviendo con el 20% de lo que era el ingreso de antes, buscando los equilibrios\u00bb, puntualiz\u00f3 en materia econ\u00f3mica y de gran inter\u00e9s para el pueblo venezolano.<\/p>\n\n\n\n<p>Anunci\u00f3 que Venezuela seguir\u00e1 invirtiendo en viviendas, en educaci\u00f3n, en salud y en los Consejos Comunales. \u00abEl pr\u00f3ximo lunes vamos a empezar a entregar 20 mil obras financiadas para los circuitos comunales, ya terminadas\u00bb, que contemplan canchas, escuelas, infraestructura de salud, casas de paz, vialidad con recursos que consider\u00f3 que han sido \u00abbien administrados\u00bb.<\/p>\n\n\n\n<p><strong>Prensa Presidencial\/ Claudia Guerra M\u00e9ndez<\/strong><\/p>\n","protected":false},"excerpt":{"rendered":"<p>Teatro Teresa Carre\u00f1o, Caracas.- Durante su discurso en el Encuentro del Consejo Nacional por la Defensa de la Soberan\u00eda y la Paz, en el complejo cultural del Teresa Carre\u00f1o, el presidente de la Rep\u00fablica Bolivariana de Venezuela, Nicol\u00e1s Maduro Moros, denunci\u00f3 una vez m\u00e1s que el imperio estadounidense con su ideolog\u00eda supremacista cree que puede [&hellip;]<\/p>\n","protected":false},"author":1,"featured_media":24596,"comment_status":"open","ping_status":"open","sticky":false,"template":"","format":"standard","meta":{"footnotes":""},"categories":[18,7],"tags":[],"class_list":["post-24595","post","type-post","status-publish","format-standard","has-post-thumbnail","hentry","category-noticias-principales","category-notas-de-prensa"],"_links":{"self":[{"href":"https:\/\/prensapresidencialvenezuela.gob.ve\/index.php\/wp-json\/wp\/v2\/posts\/24595","targetHints":{"allow":["GET"]}}],"collection":[{"href":"https:\/\/prensapresidencialvenezuela.gob.ve\/index.php\/wp-json\/wp\/v2\/posts"}],"about":[{"href":"https:\/\/prensapresidencialvenezuela.gob.ve\/index.php\/wp-json\/wp\/v2\/types\/post"}],"author":[{"embeddable":true,"href":"https:\/\/prensapresidencialvenezuela.gob.ve\/index.php\/wp-json\/wp\/v2\/users\/1"}],"replies":[{"embeddable":true,"href":"https:\/\/prensapresidencialvenezuela.gob.ve\/index.php\/wp-json\/wp\/v2\/comments?post=24595"}],"version-history":[{"count":1,"href":"https:\/\/prensapresidencialvenezuela.gob.ve\/index.php\/wp-json\/wp\/v2\/posts\/24595\/revisions"}],"predecessor-version":[{"id":24597,"href":"https:\/\/prensapresidencialvenezuela.gob.ve\/index.php\/wp-json\/wp\/v2\/posts\/24595\/revisions\/24597"}],"wp:featuredmedia":[{"embeddable":true,"href":"https:\/\/prensapresidencialvenezuela.gob.ve\/index.php\/wp-json\/wp\/v2\/media\/24596"}],"wp:attachment":[{"href":"https:\/\/prensapresidencialvenezuela.gob.ve\/index.php\/wp-json\/wp\/v2\/media?parent=24595"}],"wp:term":[{"taxonomy":"category","embeddable":true,"href":"https:\/\/prensapresidencialvenezuela.gob.ve\/index.php\/wp-json\/wp\/v2\/categories?post=24595"},{"taxonomy":"post_tag","embeddable":true,"href":"https:\/\/prensapresidencialvenezuela.gob.ve\/index.php\/wp-json\/wp\/v2\/tags?post=24595"}],"curies":[{"name":"wp","href":"https:\/\/api.w.org\/{rel}","templated":true}]}}