{"id":24598,"date":"2025-10-15T18:43:05","date_gmt":"2025-10-15T22:43:05","guid":{"rendered":"https:\/\/prensapresidencialvenezuela.gob.ve\/?p=24598"},"modified":"2025-10-15T19:01:35","modified_gmt":"2025-10-15T23:01:35","slug":"venezuela-reafirma-que-existe-un-consenso-contra-la-guerra-y-en-favor-de-la-paz-en-el-caribe","status":"publish","type":"post","link":"https:\/\/prensapresidencialvenezuela.gob.ve\/index.php\/2025\/10\/15\/venezuela-reafirma-que-existe-un-consenso-contra-la-guerra-y-en-favor-de-la-paz-en-el-caribe\/","title":{"rendered":"Venezuela reafirma que existe un consenso contra la guerra y en favor de la paz en el Caribe"},"content":{"rendered":"\n<p><strong>Teresa Carre\u00f1o, Caracas.-<\/strong> El presidente de la Rep\u00fablica Bolivariana de Venezuela, Nicol\u00e1s Maduro, encabez\u00f3 este mi\u00e9rcoles una sesi\u00f3n del Consejo Nacional de Soberan\u00eda y Paz en el Teatro Teresa Carre\u00f1o de Caracas, donde enfatiz\u00f3 la necesidad de construir un gran movimiento nacional e internacional, sectorizado, que contin\u00fae fortaleciendo el consenso contra la guerra y en favor de la paz en el Caribe.<\/p>\n\n\n\n<p>El jefe de Estado exhort\u00f3 a una movilizaci\u00f3n sin precedentes de diversos actores de la sociedad para unirse bajo una consigna clara: \u00abDecirle no a la guerra en el Caribe, no a la guerra en Sudam\u00e9rica, s\u00ed a la paz\u00bb.<\/p>\n\n\n\n<p>En tal sentido, apel\u00f3 a la capacidad de influencia de cada grupo: \u00ab\u00bfCu\u00e1nto pueden hacer el movimiento sindical? \u00bfCu\u00e1nto pueden hacer los pescadores? \u00bfCu\u00e1nto pueden hacer los empresarios en cada c\u00e1mara? \u00bfCu\u00e1nto pueden hacer nuestros hermanos evang\u00e9licos y nuestras iglesias evang\u00e9licas y las iglesias cat\u00f3licas y los jud\u00edos para llegarle cada quien a su hom\u00f3logo?\u00bb.<\/p>\n\n\n\n<p>El objetivo de esta amplia convocatoria es llevar \u00abla verdad de Venezuela a todos los sectores sociales, culturales, pol\u00edticos, econ\u00f3micos de la sociedad estadounidense\u00bb y desarticular cualquier amenaza. \u00abNo al cambio de r\u00e9gimen, que nos recuerda tanto a los a las fallidas guerras eternas de Afganist\u00e1n, Irak, Libia, y pare usted de contar\u00bb, arguy\u00f3.<\/p>\n\n\n\n<p><strong>Consenso mayoritario por la paz<\/strong><\/p>\n\n\n\n<p>Al hacer balance de la instalaci\u00f3n del Consejo hace casi un mes, el presidente Maduro afirm\u00f3 que se ha logrado un \u00e9xito fundamental en la unidad nacional.<\/p>\n\n\n\n<p>\u00abHoy se puede decir apenas a un mes de constituido el Consejo Nacional de Soberan\u00eda y Paz, que se ha hecho un gran trabajo, y hoy Venezuela goza de un consenso ampliamente mayoritario de venezolanos y venezolanas que queremos armon\u00eda, di\u00e1logo, paz, entendimiento\u00bb, declar\u00f3.<\/p>\n\n\n\n<p>\u00abTodas las encuestas lo dicen&#8230; el 70%, 85% &nbsp;de los venezolanos repudian las amenazas militares de Estados Unidos contra la Venezuela pac\u00edfica, contra el Caribe. Hay otras que marcan 80%, 88%, yo las veo todas, 90%, 93%. M\u00e1s del 85%, el 90% de venezolanos y venezolanas rechaza a quienes escondidos, o en Miami, llaman a invadir Venezuela\u00bb, mencion\u00f3.<\/p>\n\n\n\n<p>Finalmente, el presidente calific\u00f3 como una cobard\u00eda el llamado a la intervenci\u00f3n militar o al bombardeo de la naci\u00f3n desde el exterior.<\/p>\n\n\n\n<p><strong>Prensa Presidencial \/ Iliana Rosales<\/strong><\/p>\n","protected":false},"excerpt":{"rendered":"<p>Teresa Carre\u00f1o, Caracas.- El presidente de la Rep\u00fablica Bolivariana de Venezuela, Nicol\u00e1s Maduro, encabez\u00f3 este mi\u00e9rcoles una sesi\u00f3n del Consejo Nacional de Soberan\u00eda y Paz en el Teatro Teresa Carre\u00f1o de Caracas, donde enfatiz\u00f3 la necesidad de construir un gran movimiento nacional e internacional, sectorizado, que contin\u00fae fortaleciendo el consenso contra la guerra y en [&hellip;]<\/p>\n","protected":false},"author":1,"featured_media":24599,"comment_status":"open","ping_status":"open","sticky":false,"template":"","format":"standard","meta":{"footnotes":""},"categories":[18,7],"tags":[],"class_list":["post-24598","post","type-post","status-publish","format-standard","has-post-thumbnail","hentry","category-noticias-principales","category-notas-de-prensa"],"_links":{"self":[{"href":"https:\/\/prensapresidencialvenezuela.gob.ve\/index.php\/wp-json\/wp\/v2\/posts\/24598","targetHints":{"allow":["GET"]}}],"collection":[{"href":"https:\/\/prensapresidencialvenezuela.gob.ve\/index.php\/wp-json\/wp\/v2\/posts"}],"about":[{"href":"https:\/\/prensapresidencialvenezuela.gob.ve\/index.php\/wp-json\/wp\/v2\/types\/post"}],"author":[{"embeddable":true,"href":"https:\/\/prensapresidencialvenezuela.gob.ve\/index.php\/wp-json\/wp\/v2\/users\/1"}],"replies":[{"embeddable":true,"href":"https:\/\/prensapresidencialvenezuela.gob.ve\/index.php\/wp-json\/wp\/v2\/comments?post=24598"}],"version-history":[{"count":2,"href":"https:\/\/prensapresidencialvenezuela.gob.ve\/index.php\/wp-json\/wp\/v2\/posts\/24598\/revisions"}],"predecessor-version":[{"id":24604,"href":"https:\/\/prensapresidencialvenezuela.gob.ve\/index.php\/wp-json\/wp\/v2\/posts\/24598\/revisions\/24604"}],"wp:featuredmedia":[{"embeddable":true,"href":"https:\/\/prensapresidencialvenezuela.gob.ve\/index.php\/wp-json\/wp\/v2\/media\/24599"}],"wp:attachment":[{"href":"https:\/\/prensapresidencialvenezuela.gob.ve\/index.php\/wp-json\/wp\/v2\/media?parent=24598"}],"wp:term":[{"taxonomy":"category","embeddable":true,"href":"https:\/\/prensapresidencialvenezuela.gob.ve\/index.php\/wp-json\/wp\/v2\/categories?post=24598"},{"taxonomy":"post_tag","embeddable":true,"href":"https:\/\/prensapresidencialvenezuela.gob.ve\/index.php\/wp-json\/wp\/v2\/tags?post=24598"}],"curies":[{"name":"wp","href":"https:\/\/api.w.org\/{rel}","templated":true}]}}