{"id":24603,"date":"2025-10-15T19:20:19","date_gmt":"2025-10-15T23:20:19","guid":{"rendered":"https:\/\/prensapresidencialvenezuela.gob.ve\/?p=24603"},"modified":"2025-10-15T19:21:01","modified_gmt":"2025-10-15T23:21:01","slug":"venezuela-logra-victoria-diplomatica-de-paz-en-la-onu","status":"publish","type":"post","link":"https:\/\/prensapresidencialvenezuela.gob.ve\/index.php\/2025\/10\/15\/venezuela-logra-victoria-diplomatica-de-paz-en-la-onu\/","title":{"rendered":"Venezuela logra victoria diplom\u00e1tica de paz en la ONU"},"content":{"rendered":"\n<p><strong>Teatro Teresa Carre\u00f1o.-<\/strong>&nbsp; El Presidente de la Rep\u00fablica Bolivariana de Venezuela, Nicol\u00e1s Maduro Moros, nuevamente felicit\u00f3 el desempe\u00f1o del embajador de Venezuela ante el Consejo de Seguridad de la Organizaci\u00f3n de Naciones Unidas (ONU), Samuel Moncada, quien frente a los 15 miembros del Consejo denunci\u00f3 las agresiones y amenazas del gobierno de EE.UU. contra Venezuela.<\/p>\n\n\n\n<p>Durante su discurso en el Encuentro del Consejo Nacional de Soberan\u00eda y Paz, reiter\u00f3 que los 5 miembros principales del Consejo de Seguridad de la ONU: Estados Unidos, Gran Breta\u00f1a, Francia, Rusia y China, participaron activamente y solo los representantes de Estados Unidos tuvieron un \u00abdiscurso agresivo y violento\u00bb, dijo el Jefe de Estado.<\/p>\n\n\n\n<p>\u00abUn discurso amenazante, guerrerista. El resto, todos tuvieron una sola palabra, paz para Venezuela, respeto al derecho internacional, rechazo a las amenazas militares, rechazo a la amenaza del uso de la fuerza, respeto a la Carta de Naciones Unidas. El respaldo al pueblo de Venezuela, fue un \u00e9xito, una victoria diplom\u00e1tica de la diplomacia de paz de Venezuela en Naciones Unidas\u00bb, explic\u00f3 con especial detalle el Mandatario nacional.<\/p>\n\n\n\n<p>El Presidente Maduro agradeci\u00f3 el apoyo recibido y record\u00f3 a los sectores presentes que \u00ablas agresiones anteriores, como todo el mundo sabe, no tuvieron diferenciaci\u00f3n ni de colores ni de gustos. Cuando llegaron los misiles a la econom\u00eda, silenciosos, nos afectaron a todos\u00bb.<\/p>\n\n\n\n<p><strong>Prensa Presidencial\/Claudia Guerra M\u00e9ndez<\/strong><\/p>\n\n\n\n<p><\/p>\n","protected":false},"excerpt":{"rendered":"<p>Teatro Teresa Carre\u00f1o.-&nbsp; El Presidente de la Rep\u00fablica Bolivariana de Venezuela, Nicol\u00e1s Maduro Moros, nuevamente felicit\u00f3 el desempe\u00f1o del embajador de Venezuela ante el Consejo de Seguridad de la Organizaci\u00f3n de Naciones Unidas (ONU), Samuel Moncada, quien frente a los 15 miembros del Consejo denunci\u00f3 las agresiones y amenazas del gobierno de EE.UU. contra Venezuela. [&hellip;]<\/p>\n","protected":false},"author":1,"featured_media":24605,"comment_status":"open","ping_status":"open","sticky":false,"template":"","format":"standard","meta":{"footnotes":""},"categories":[18,7],"tags":[],"class_list":["post-24603","post","type-post","status-publish","format-standard","has-post-thumbnail","hentry","category-noticias-principales","category-notas-de-prensa"],"_links":{"self":[{"href":"https:\/\/prensapresidencialvenezuela.gob.ve\/index.php\/wp-json\/wp\/v2\/posts\/24603","targetHints":{"allow":["GET"]}}],"collection":[{"href":"https:\/\/prensapresidencialvenezuela.gob.ve\/index.php\/wp-json\/wp\/v2\/posts"}],"about":[{"href":"https:\/\/prensapresidencialvenezuela.gob.ve\/index.php\/wp-json\/wp\/v2\/types\/post"}],"author":[{"embeddable":true,"href":"https:\/\/prensapresidencialvenezuela.gob.ve\/index.php\/wp-json\/wp\/v2\/users\/1"}],"replies":[{"embeddable":true,"href":"https:\/\/prensapresidencialvenezuela.gob.ve\/index.php\/wp-json\/wp\/v2\/comments?post=24603"}],"version-history":[{"count":1,"href":"https:\/\/prensapresidencialvenezuela.gob.ve\/index.php\/wp-json\/wp\/v2\/posts\/24603\/revisions"}],"predecessor-version":[{"id":24606,"href":"https:\/\/prensapresidencialvenezuela.gob.ve\/index.php\/wp-json\/wp\/v2\/posts\/24603\/revisions\/24606"}],"wp:featuredmedia":[{"embeddable":true,"href":"https:\/\/prensapresidencialvenezuela.gob.ve\/index.php\/wp-json\/wp\/v2\/media\/24605"}],"wp:attachment":[{"href":"https:\/\/prensapresidencialvenezuela.gob.ve\/index.php\/wp-json\/wp\/v2\/media?parent=24603"}],"wp:term":[{"taxonomy":"category","embeddable":true,"href":"https:\/\/prensapresidencialvenezuela.gob.ve\/index.php\/wp-json\/wp\/v2\/categories?post=24603"},{"taxonomy":"post_tag","embeddable":true,"href":"https:\/\/prensapresidencialvenezuela.gob.ve\/index.php\/wp-json\/wp\/v2\/tags?post=24603"}],"curies":[{"name":"wp","href":"https:\/\/api.w.org\/{rel}","templated":true}]}}