{"id":24608,"date":"2025-10-16T14:17:39","date_gmt":"2025-10-16T18:17:39","guid":{"rendered":"https:\/\/prensapresidencialvenezuela.gob.ve\/?p=24608"},"modified":"2025-10-16T14:17:40","modified_gmt":"2025-10-16T18:17:40","slug":"canonizacion-de-jose-gregorio-hernandez-y-carmen-rendiles-son-una-bendicion-de-paz-para-venezuela-dijo-el-presidente-maduro","status":"publish","type":"post","link":"https:\/\/prensapresidencialvenezuela.gob.ve\/index.php\/2025\/10\/16\/canonizacion-de-jose-gregorio-hernandez-y-carmen-rendiles-son-una-bendicion-de-paz-para-venezuela-dijo-el-presidente-maduro\/","title":{"rendered":"Canonizaci\u00f3n de Jos\u00e9 Gregorio Hern\u00e1ndez y Carmen Rendiles son una bendici\u00f3n de paz para Venezuela, dijo el presidente Maduro"},"content":{"rendered":"\n<p>El presidente de la Rep\u00fablica Bolivariana de Venezuela, Nicol\u00e1s Maduro, llam\u00f3 este mi\u00e9rcoles a celebrar con \u201chermosura y en paz\u201d la elevaci\u00f3n a santos de Jos\u00e9 Gregorio Hern\u00e1ndez, conocido como el M\u00e9dico de los Pobres, y de la Madre Carmen Rendiles, calificando el evento como \u00abbendiciones de paz para el pueblo\u201d.<\/p>\n\n\n\n<p>El Mandatario Nacional expres\u00f3 una profunda emoci\u00f3n al recordar el proceso que lleva a los venezolanos a tener \u00abun gran santo y una gran santa\u201d. Record\u00f3 un encuentro que sostuvo personalmente con el Papa Francisco el 17 de junio de 2013, en el cual le present\u00f3 la causa del M\u00e9dico de los Pobres.<\/p>\n\n\n\n<p>\u00abY el Papa Francisco me dijo: me comprometo a hacer avanzar la causa de la canonizaci\u00f3n y la santificaci\u00f3n de Jos\u00e9 Gregorio\u201d, rememor\u00f3 sobre ese momento, no sin antes destacar la importancia hist\u00f3rica de esta decisi\u00f3n papal.<\/p>\n\n\n\n<p>\u00abEl Papa Francisco, en su lecho de gravedad, firm\u00f3 lo que quiz\u00e1s fue su \u00faltimo decreto como Papa antes de trascender esta vida, que fue canonizar a nuestro Jos\u00e9 Gregorio Hern\u00e1ndez y a la Madre Carmen Rendiles\u201d, dijo.<\/p>\n\n\n\n<p>El presidente Maduro invit\u00f3 a todo el pa\u00eds a tomar de estos ejemplos \u00ablo mejor para convertirlo en valor nacional\u201d.<\/p>\n\n\n\n<p><strong>La imagen del santo<\/strong><\/p>\n\n\n\n<p>Como parte de las actividades preparativas en el Vaticano, el jefe de Estado comparti\u00f3 su sentimiento al ver las im\u00e1genes desde Roma. \u00abCuando colocan el retrato gigante dentro de la Bas\u00edlica de San Pedro, de Jos\u00e9 Gregorio Hern\u00e1ndez y de la Madre Carmen Rendiles, yo me sent\u00ed muy emocionado, casi que llor\u00e9\u00bb, confes\u00f3, se\u00f1alando que la canonizaci\u00f3n del M\u00e9dico de los Pobres llega \u00abdespu\u00e9s de 77 a\u00f1os de haberlo postulado.<\/p>\n\n\n\n<p>Finaliz\u00f3 haciendo un llamado a todos los ciudadanos, tanto en Venezuela como en el resto del mundo, a unirse a la celebraci\u00f3n de estos dos nuevos santos: \u00abYo les digo a todos los sectores del pa\u00eds, celebremos con hermosura, en paz, con emoci\u00f3n, aqu\u00ed y en el resto del mundo\u201d.<\/p>\n\n\n\n<p><strong>Prensa Presidencial \/ Iliana Rosales<\/strong><strong><\/strong><\/p>\n\n\n\n<p><\/p>\n","protected":false},"excerpt":{"rendered":"<p>El presidente de la Rep\u00fablica Bolivariana de Venezuela, Nicol\u00e1s Maduro, llam\u00f3 este mi\u00e9rcoles a celebrar con \u201chermosura y en paz\u201d la elevaci\u00f3n a santos de Jos\u00e9 Gregorio Hern\u00e1ndez, conocido como el M\u00e9dico de los Pobres, y de la Madre Carmen Rendiles, calificando el evento como \u00abbendiciones de paz para el pueblo\u201d. El Mandatario Nacional expres\u00f3 [&hellip;]<\/p>\n","protected":false},"author":1,"featured_media":24609,"comment_status":"open","ping_status":"open","sticky":false,"template":"","format":"standard","meta":{"footnotes":""},"categories":[18,7],"tags":[1795,19,20],"class_list":["post-24608","post","type-post","status-publish","format-standard","has-post-thumbnail","hentry","category-noticias-principales","category-notas-de-prensa","tag-jose-gregorio-hernandez","tag-nicolas-maduro","tag-venezuela"],"_links":{"self":[{"href":"https:\/\/prensapresidencialvenezuela.gob.ve\/index.php\/wp-json\/wp\/v2\/posts\/24608","targetHints":{"allow":["GET"]}}],"collection":[{"href":"https:\/\/prensapresidencialvenezuela.gob.ve\/index.php\/wp-json\/wp\/v2\/posts"}],"about":[{"href":"https:\/\/prensapresidencialvenezuela.gob.ve\/index.php\/wp-json\/wp\/v2\/types\/post"}],"author":[{"embeddable":true,"href":"https:\/\/prensapresidencialvenezuela.gob.ve\/index.php\/wp-json\/wp\/v2\/users\/1"}],"replies":[{"embeddable":true,"href":"https:\/\/prensapresidencialvenezuela.gob.ve\/index.php\/wp-json\/wp\/v2\/comments?post=24608"}],"version-history":[{"count":1,"href":"https:\/\/prensapresidencialvenezuela.gob.ve\/index.php\/wp-json\/wp\/v2\/posts\/24608\/revisions"}],"predecessor-version":[{"id":24610,"href":"https:\/\/prensapresidencialvenezuela.gob.ve\/index.php\/wp-json\/wp\/v2\/posts\/24608\/revisions\/24610"}],"wp:featuredmedia":[{"embeddable":true,"href":"https:\/\/prensapresidencialvenezuela.gob.ve\/index.php\/wp-json\/wp\/v2\/media\/24609"}],"wp:attachment":[{"href":"https:\/\/prensapresidencialvenezuela.gob.ve\/index.php\/wp-json\/wp\/v2\/media?parent=24608"}],"wp:term":[{"taxonomy":"category","embeddable":true,"href":"https:\/\/prensapresidencialvenezuela.gob.ve\/index.php\/wp-json\/wp\/v2\/categories?post=24608"},{"taxonomy":"post_tag","embeddable":true,"href":"https:\/\/prensapresidencialvenezuela.gob.ve\/index.php\/wp-json\/wp\/v2\/tags?post=24608"}],"curies":[{"name":"wp","href":"https:\/\/api.w.org\/{rel}","templated":true}]}}