{"id":24613,"date":"2025-10-16T18:23:01","date_gmt":"2025-10-16T22:23:01","guid":{"rendered":"https:\/\/prensapresidencialvenezuela.gob.ve\/?p=24613"},"modified":"2025-10-16T18:23:52","modified_gmt":"2025-10-16T22:23:52","slug":"cocineros-de-la-patria-son-columna-espiritual-del-poder-popular-venezolano","status":"publish","type":"post","link":"https:\/\/prensapresidencialvenezuela.gob.ve\/index.php\/2025\/10\/16\/cocineros-de-la-patria-son-columna-espiritual-del-poder-popular-venezolano\/","title":{"rendered":"Cocineros de la Patria son columna espiritual del Poder Popular venezolano"},"content":{"rendered":"\n<p><strong>Complejo de Miraflores, Caracas. \u2013<\/strong> El presidente de la Rep\u00fablica Bolivariana de Venezuela, Nicol\u00e1s Maduro, a prop\u00f3sito de su participaci\u00f3n este jueves en el cierre del Congreso Nacional de Cocineras y Cocineros de la Patria y como parte de la celebraci\u00f3n por el D\u00eda Mundial de la Alimentaci\u00f3n, expres\u00f3 su profunda admiraci\u00f3n y gratitud hacia los Cocineros de la Patria, por ser un movimiento que garantiza la alimentaci\u00f3n de millones de ni\u00f1os, ni\u00f1as y j\u00f3venes, en escuelas y liceos del pa\u00eds.<\/p>\n\n\n\n<p>Acompa\u00f1ado por la vicepresidenta Delcy Rodr\u00edguez, el ministro del Poder Popular para la Alimentaci\u00f3n, M\/G Carlos Leal Teller\u00eda, y el ministro del Poder Popular para la Educaci\u00f3n, H\u00e9ctor Rodr\u00edguez; el Mandatario nacional describi\u00f3 el trabajo de estos maestros culinarios como \u00abuno de los movimientos m\u00e1s hermosos y diversos del territorio nacional\u00bb.<\/p>\n\n\n\n<p>\u00abLo que les tenemos que decir, hoy, D\u00eda Mundial de la Alimentaci\u00f3n, es \u201cgracias a todas ustedes, gracias por tanta pasi\u00f3n diaria\u201d. Es uno de los movimientos m\u00e1s hermosos que tiene el inmenso, colorido y diverso movimiento popular venezolano\u00bb, afirm\u00f3.<\/p>\n\n\n\n<figure class=\"wp-block-gallery has-nested-images columns-default is-cropped wp-block-gallery-1 is-layout-flex wp-block-gallery-is-layout-flex\">\n<figure class=\"wp-block-image size-large\"><img fetchpriority=\"high\" decoding=\"async\" width=\"854\" height=\"1024\" data-id=\"24617\" src=\"https:\/\/prensapresidencialvenezuela.gob.ve\/wp-content\/uploads\/2025\/10\/01_ZC_L4622_P-854x1024.jpg\" alt=\"\" class=\"wp-image-24617\" srcset=\"https:\/\/prensapresidencialvenezuela.gob.ve\/wp-content\/uploads\/2025\/10\/01_ZC_L4622_P-854x1024.jpg 854w, https:\/\/prensapresidencialvenezuela.gob.ve\/wp-content\/uploads\/2025\/10\/01_ZC_L4622_P-250x300.jpg 250w, https:\/\/prensapresidencialvenezuela.gob.ve\/wp-content\/uploads\/2025\/10\/01_ZC_L4622_P-768x921.jpg 768w, https:\/\/prensapresidencialvenezuela.gob.ve\/wp-content\/uploads\/2025\/10\/01_ZC_L4622_P-1280x1536.jpg 1280w, https:\/\/prensapresidencialvenezuela.gob.ve\/wp-content\/uploads\/2025\/10\/01_ZC_L4622_P.jpg 1667w\" sizes=\"(max-width: 854px) 100vw, 854px\" \/><\/figure>\n\n\n\n<figure class=\"wp-block-image size-large\"><img decoding=\"async\" width=\"986\" height=\"1024\" data-id=\"24615\" src=\"https:\/\/prensapresidencialvenezuela.gob.ve\/wp-content\/uploads\/2025\/10\/02_ZC_L4628_P-986x1024.jpg\" alt=\"\" class=\"wp-image-24615\" srcset=\"https:\/\/prensapresidencialvenezuela.gob.ve\/wp-content\/uploads\/2025\/10\/02_ZC_L4628_P-986x1024.jpg 986w, https:\/\/prensapresidencialvenezuela.gob.ve\/wp-content\/uploads\/2025\/10\/02_ZC_L4628_P-289x300.jpg 289w, https:\/\/prensapresidencialvenezuela.gob.ve\/wp-content\/uploads\/2025\/10\/02_ZC_L4628_P-768x798.jpg 768w, https:\/\/prensapresidencialvenezuela.gob.ve\/wp-content\/uploads\/2025\/10\/02_ZC_L4628_P-1479x1536.jpg 1479w, https:\/\/prensapresidencialvenezuela.gob.ve\/wp-content\/uploads\/2025\/10\/02_ZC_L4628_P.jpg 1926w\" sizes=\"(max-width: 986px) 100vw, 986px\" \/><\/figure>\n\n\n\n<figure class=\"wp-block-image size-large\"><img decoding=\"async\" width=\"1024\" height=\"683\" data-id=\"24616\" src=\"https:\/\/prensapresidencialvenezuela.gob.ve\/wp-content\/uploads\/2025\/10\/05_ZC_L4686_P-1024x683.jpg\" alt=\"\" class=\"wp-image-24616\" srcset=\"https:\/\/prensapresidencialvenezuela.gob.ve\/wp-content\/uploads\/2025\/10\/05_ZC_L4686_P-1024x683.jpg 1024w, https:\/\/prensapresidencialvenezuela.gob.ve\/wp-content\/uploads\/2025\/10\/05_ZC_L4686_P-300x200.jpg 300w, https:\/\/prensapresidencialvenezuela.gob.ve\/wp-content\/uploads\/2025\/10\/05_ZC_L4686_P-768x512.jpg 768w, https:\/\/prensapresidencialvenezuela.gob.ve\/wp-content\/uploads\/2025\/10\/05_ZC_L4686_P-1536x1024.jpg 1536w, https:\/\/prensapresidencialvenezuela.gob.ve\/wp-content\/uploads\/2025\/10\/05_ZC_L4686_P-2048x1365.jpg 2048w\" sizes=\"(max-width: 1024px) 100vw, 1024px\" \/><\/figure>\n<\/figure>\n\n\n\n<p>Destac\u00f3 la trascendencia de la labor de este sector, al se\u00f1alar que son la \u00abcolumna espiritual del Poder Popular venezolano, porque llevan su amor a la acci\u00f3n y convierten su amor en hechos, no promesas. Son acciones, no palabras, es amor en acci\u00f3n, convertida en alimentaci\u00f3n\u00bb.<\/p>\n\n\n\n<p><strong>Resistencia frente a las sanciones<\/strong><\/p>\n\n\n\n<p>En sus declaraciones, el presidente Nicol\u00e1s Maduro se refiri\u00f3 a los momentos de dificultad econ\u00f3mica que ha atravesado el pa\u00eds, enlazando la labor de las cocineras y cocineros con el movimiento de defensa integral nacional, ante las medidas coercitivas unilaterales (MCU).<\/p>\n\n\n\n<p>\u00abHoy podemos decir, hemos logrado avanzar en la recuperaci\u00f3n del derecho a la alimentaci\u00f3n del pueblo de Venezuela, en t\u00e9rminos concretos\u00bb, dijo, no sin antes recordar el oscuro cap\u00edtulo de la historia del pa\u00eds, en el que un importante sector de la poblaci\u00f3n fue v\u00edctima de la m\u00e1s cruenta guerra econ\u00f3mica imperial, que tuvo por objetivo sumir en hambre a los venezolanos para forzar un cambio de gobierno.<\/p>\n\n\n\n<p><strong>Prensa Presidencial \/ Iliana Rosales<\/strong><\/p>\n","protected":false},"excerpt":{"rendered":"<p>Complejo de Miraflores, Caracas. \u2013 El presidente de la Rep\u00fablica Bolivariana de Venezuela, Nicol\u00e1s Maduro, a prop\u00f3sito de su participaci\u00f3n este jueves en el cierre del Congreso Nacional de Cocineras y Cocineros de la Patria y como parte de la celebraci\u00f3n por el D\u00eda Mundial de la Alimentaci\u00f3n, expres\u00f3 su profunda admiraci\u00f3n y gratitud hacia [&hellip;]<\/p>\n","protected":false},"author":1,"featured_media":24619,"comment_status":"open","ping_status":"open","sticky":false,"template":"","format":"standard","meta":{"footnotes":""},"categories":[18,7],"tags":[],"class_list":["post-24613","post","type-post","status-publish","format-standard","has-post-thumbnail","hentry","category-noticias-principales","category-notas-de-prensa"],"_links":{"self":[{"href":"https:\/\/prensapresidencialvenezuela.gob.ve\/index.php\/wp-json\/wp\/v2\/posts\/24613","targetHints":{"allow":["GET"]}}],"collection":[{"href":"https:\/\/prensapresidencialvenezuela.gob.ve\/index.php\/wp-json\/wp\/v2\/posts"}],"about":[{"href":"https:\/\/prensapresidencialvenezuela.gob.ve\/index.php\/wp-json\/wp\/v2\/types\/post"}],"author":[{"embeddable":true,"href":"https:\/\/prensapresidencialvenezuela.gob.ve\/index.php\/wp-json\/wp\/v2\/users\/1"}],"replies":[{"embeddable":true,"href":"https:\/\/prensapresidencialvenezuela.gob.ve\/index.php\/wp-json\/wp\/v2\/comments?post=24613"}],"version-history":[{"count":1,"href":"https:\/\/prensapresidencialvenezuela.gob.ve\/index.php\/wp-json\/wp\/v2\/posts\/24613\/revisions"}],"predecessor-version":[{"id":24618,"href":"https:\/\/prensapresidencialvenezuela.gob.ve\/index.php\/wp-json\/wp\/v2\/posts\/24613\/revisions\/24618"}],"wp:featuredmedia":[{"embeddable":true,"href":"https:\/\/prensapresidencialvenezuela.gob.ve\/index.php\/wp-json\/wp\/v2\/media\/24619"}],"wp:attachment":[{"href":"https:\/\/prensapresidencialvenezuela.gob.ve\/index.php\/wp-json\/wp\/v2\/media?parent=24613"}],"wp:term":[{"taxonomy":"category","embeddable":true,"href":"https:\/\/prensapresidencialvenezuela.gob.ve\/index.php\/wp-json\/wp\/v2\/categories?post=24613"},{"taxonomy":"post_tag","embeddable":true,"href":"https:\/\/prensapresidencialvenezuela.gob.ve\/index.php\/wp-json\/wp\/v2\/tags?post=24613"}],"curies":[{"name":"wp","href":"https:\/\/api.w.org\/{rel}","templated":true}]}}