{"id":24620,"date":"2025-10-16T18:34:24","date_gmt":"2025-10-16T22:34:24","guid":{"rendered":"https:\/\/prensapresidencialvenezuela.gob.ve\/?p=24620"},"modified":"2025-10-16T18:34:25","modified_gmt":"2025-10-16T22:34:25","slug":"gobierno-bolivariano-lanzara-planes-para-impulsar-la-alimentacion-sana-y-para-fomentar-la-lectura","status":"publish","type":"post","link":"https:\/\/prensapresidencialvenezuela.gob.ve\/index.php\/2025\/10\/16\/gobierno-bolivariano-lanzara-planes-para-impulsar-la-alimentacion-sana-y-para-fomentar-la-lectura\/","title":{"rendered":"Gobierno Bolivariano lanzar\u00e1 planes para impulsar la alimentaci\u00f3n sana y para fomentar la lectura"},"content":{"rendered":"\n<p><strong>Complejo de Miraflores, Caracas.-<\/strong> El presidente de la Rep\u00fablica Bolivariana de Venezuela, Nicol\u00e1s Maduro, anunci\u00f3 este jueves que pr\u00f3ximamente se activar\u00e1n planes integrales denominados \u00abCuerpo Sano, Mente Sana\u00bb y \u00abMenos Pantalla, M\u00e1s Lectura\u00bb, como una iniciativa para promover la salud f\u00edsica y mental en el pa\u00eds.<\/p>\n\n\n\n<p>El anuncio se realiz\u00f3 en el marco del Congreso Nacional de Cocineras y Cocineros de la Patria, celebrado en la Plaza Bicentenario, a prop\u00f3sito del D\u00eda Mundial de la Alimentaci\u00f3n. Detall\u00f3 que la iniciativa estar\u00e1 dirigida a todas las edades y se configura como una estrategia para alcanzar la m\u00e1xima felicidad social del pueblo venezolano, un objetivo enraizado en el pensamiento hist\u00f3rico de la naci\u00f3n.<\/p>\n\n\n\n<figure class=\"wp-block-gallery has-nested-images columns-default is-cropped wp-block-gallery-1 is-layout-flex wp-block-gallery-is-layout-flex\">\n<figure class=\"wp-block-image size-large\"><img fetchpriority=\"high\" decoding=\"async\" width=\"1024\" height=\"683\" data-id=\"24622\" src=\"https:\/\/prensapresidencialvenezuela.gob.ve\/wp-content\/uploads\/2025\/10\/19WO_L4549_P-1024x683.jpg\" alt=\"\" class=\"wp-image-24622\" srcset=\"https:\/\/prensapresidencialvenezuela.gob.ve\/wp-content\/uploads\/2025\/10\/19WO_L4549_P-1024x683.jpg 1024w, https:\/\/prensapresidencialvenezuela.gob.ve\/wp-content\/uploads\/2025\/10\/19WO_L4549_P-300x200.jpg 300w, https:\/\/prensapresidencialvenezuela.gob.ve\/wp-content\/uploads\/2025\/10\/19WO_L4549_P-768x512.jpg 768w, https:\/\/prensapresidencialvenezuela.gob.ve\/wp-content\/uploads\/2025\/10\/19WO_L4549_P-1536x1024.jpg 1536w, https:\/\/prensapresidencialvenezuela.gob.ve\/wp-content\/uploads\/2025\/10\/19WO_L4549_P-2048x1366.jpg 2048w\" sizes=\"(max-width: 1024px) 100vw, 1024px\" \/><\/figure>\n\n\n\n<figure class=\"wp-block-image size-large\"><img decoding=\"async\" width=\"682\" height=\"1024\" data-id=\"24623\" src=\"https:\/\/prensapresidencialvenezuela.gob.ve\/wp-content\/uploads\/2025\/10\/41_O__5670_P-682x1024.jpg\" alt=\"\" class=\"wp-image-24623\" srcset=\"https:\/\/prensapresidencialvenezuela.gob.ve\/wp-content\/uploads\/2025\/10\/41_O__5670_P-682x1024.jpg 682w, https:\/\/prensapresidencialvenezuela.gob.ve\/wp-content\/uploads\/2025\/10\/41_O__5670_P-200x300.jpg 200w, https:\/\/prensapresidencialvenezuela.gob.ve\/wp-content\/uploads\/2025\/10\/41_O__5670_P-768x1152.jpg 768w, https:\/\/prensapresidencialvenezuela.gob.ve\/wp-content\/uploads\/2025\/10\/41_O__5670_P-1024x1536.jpg 1024w, https:\/\/prensapresidencialvenezuela.gob.ve\/wp-content\/uploads\/2025\/10\/41_O__5670_P.jpg 1333w\" sizes=\"(max-width: 682px) 100vw, 682px\" \/><\/figure>\n<\/figure>\n\n\n\n<p>El jefe de Estado detall\u00f3 que el Plan \u00abCuerpo Sano, Mente Sana\u00bb tendr\u00e1 un componente central en el \u00e1rea de la salud f\u00edsica, abordando espec\u00edficamente el tema del peso y la nutrici\u00f3n.<\/p>\n\n\n\n<p>\u00abTodo tiene su punto y estamos muy cerca de tener, a punto, un plan que les va a gustar a todos&#8230;, el plan se va a llamar \u201cPlan Cuerpo Sano, Mente Sana\u201d, para cuidar el tema del peso, de la alimentaci\u00f3n. Alimentaci\u00f3n sana, para que aprendamos a alimentarnos sano; cuerpo sano, para que hagamos ejercicios todos los d\u00edas\u00bb, explic\u00f3.<\/p>\n\n\n\n<p>Del mismo modo, indic\u00f3 que ser\u00e1 lanzado otro proyecto vinculado a la lectura, a los fines de que las personas se recreen, informen y aprendan a trav\u00e9s de los libros. \u00abMenos pantalla, m\u00e1s lectura, m\u00e1s conversaci\u00f3n, m\u00e1s debate, m\u00e1s mente creativa\u00bb, dijo sobre los objetivos de esta nueva pol\u00edtica que se encuentra a\u00fan en elaboraci\u00f3n &nbsp;<\/p>\n\n\n\n<p>Este esfuerzo busca fortalecer las capacidades intelectuales y el esp\u00edritu cr\u00edtico del pueblo, prepar\u00e1ndolo para \u00abconstruir nuestra patria\u2026 y ganar la paz todos los d\u00edas\u00bb.<\/p>\n\n\n\n<p><strong>Prensa Presidencial \/ Iliana Rosales<\/strong><\/p>\n","protected":false},"excerpt":{"rendered":"<p>Complejo de Miraflores, Caracas.- El presidente de la Rep\u00fablica Bolivariana de Venezuela, Nicol\u00e1s Maduro, anunci\u00f3 este jueves que pr\u00f3ximamente se activar\u00e1n planes integrales denominados \u00abCuerpo Sano, Mente Sana\u00bb y \u00abMenos Pantalla, M\u00e1s Lectura\u00bb, como una iniciativa para promover la salud f\u00edsica y mental en el pa\u00eds. El anuncio se realiz\u00f3 en el marco del Congreso [&hellip;]<\/p>\n","protected":false},"author":1,"featured_media":24621,"comment_status":"open","ping_status":"open","sticky":false,"template":"","format":"standard","meta":{"footnotes":""},"categories":[18,7],"tags":[],"class_list":["post-24620","post","type-post","status-publish","format-standard","has-post-thumbnail","hentry","category-noticias-principales","category-notas-de-prensa"],"_links":{"self":[{"href":"https:\/\/prensapresidencialvenezuela.gob.ve\/index.php\/wp-json\/wp\/v2\/posts\/24620","targetHints":{"allow":["GET"]}}],"collection":[{"href":"https:\/\/prensapresidencialvenezuela.gob.ve\/index.php\/wp-json\/wp\/v2\/posts"}],"about":[{"href":"https:\/\/prensapresidencialvenezuela.gob.ve\/index.php\/wp-json\/wp\/v2\/types\/post"}],"author":[{"embeddable":true,"href":"https:\/\/prensapresidencialvenezuela.gob.ve\/index.php\/wp-json\/wp\/v2\/users\/1"}],"replies":[{"embeddable":true,"href":"https:\/\/prensapresidencialvenezuela.gob.ve\/index.php\/wp-json\/wp\/v2\/comments?post=24620"}],"version-history":[{"count":1,"href":"https:\/\/prensapresidencialvenezuela.gob.ve\/index.php\/wp-json\/wp\/v2\/posts\/24620\/revisions"}],"predecessor-version":[{"id":24624,"href":"https:\/\/prensapresidencialvenezuela.gob.ve\/index.php\/wp-json\/wp\/v2\/posts\/24620\/revisions\/24624"}],"wp:featuredmedia":[{"embeddable":true,"href":"https:\/\/prensapresidencialvenezuela.gob.ve\/index.php\/wp-json\/wp\/v2\/media\/24621"}],"wp:attachment":[{"href":"https:\/\/prensapresidencialvenezuela.gob.ve\/index.php\/wp-json\/wp\/v2\/media?parent=24620"}],"wp:term":[{"taxonomy":"category","embeddable":true,"href":"https:\/\/prensapresidencialvenezuela.gob.ve\/index.php\/wp-json\/wp\/v2\/categories?post=24620"},{"taxonomy":"post_tag","embeddable":true,"href":"https:\/\/prensapresidencialvenezuela.gob.ve\/index.php\/wp-json\/wp\/v2\/tags?post=24620"}],"curies":[{"name":"wp","href":"https:\/\/api.w.org\/{rel}","templated":true}]}}