{"id":24625,"date":"2025-10-16T18:52:44","date_gmt":"2025-10-16T22:52:44","guid":{"rendered":"https:\/\/prensapresidencialvenezuela.gob.ve\/?p=24625"},"modified":"2025-10-16T20:30:41","modified_gmt":"2025-10-17T00:30:41","slug":"venezuela-cuestiona-a-ee-uu-de-priorizar-ataques-y-ocultar-la-pobreza-de-sus-40-millones-de-ciudadanos","status":"publish","type":"post","link":"https:\/\/prensapresidencialvenezuela.gob.ve\/index.php\/2025\/10\/16\/venezuela-cuestiona-a-ee-uu-de-priorizar-ataques-y-ocultar-la-pobreza-de-sus-40-millones-de-ciudadanos\/","title":{"rendered":"Venezuela cuestiona a EE.UU. por priorizar ataques y ocultar la pobreza de 40 millones de sus ciudadanos"},"content":{"rendered":"\n<p><strong>Complejo de Miraflores, Caracas.-<\/strong> El presidente de la Rep\u00fablica Bolivariana de Venezuela, Nicol\u00e1s Maduro, conden\u00f3 este jueves las recientes declaraciones del Gobierno de Estados Unidos (EE.UU.), que admiten haber autorizado operaciones de la Agencia Central de Inteligencia (CIA, por sus siglas en ingl\u00e9s), para actuar contra la paz y la estabilidad de Venezuela, a las que calific\u00f3 de \u00abgrosera pol\u00edtica intervencionista para cambio de r\u00e9gimen [y un] acto de doble rasero\u00bb.<\/p>\n\n\n\n<p>Desde el Sal\u00f3n Bicentenario del Complejo Miraflores, en Caracas, donde se lleva a cabo el Congreso Nacional de Cocineras y Cocineros de la Patria, el Jefe de Estado contrast\u00f3 la pol\u00edtica exterior imperial con la situaci\u00f3n interna de la naci\u00f3n norteamericana, manifestando su sorpresa por la prioridad de los dirigentes estadounidenses en \u00abtratar de gobernar el mundo\u00bb y no atender los problemas sociales de su propio pueblo.<\/p>\n\n\n\n<p>\u00abYo digo: \u201c\u00bfy en EE.UU. nadie atiende el tema de la vida social del pueblo?\u201d. Es una pregunta que le hago al pueblo de EE.UU., a todos los periodistas all\u00e1, que est\u00e1n tan pendientes de Venezuela\u00bb, expres\u00f3.<\/p>\n\n\n\n<p>En tal sentido, pronunci\u00f3 varias preguntas sobre el prop\u00f3sito de elegir a un dirigente: \u00ab\u00bfPara qu\u00e9 eligen a un gobernante en un pa\u00eds, para gobernar los otros pa\u00edses, para gobernar al mundo?\u00bb. Igualmente, hizo referencia sobre la atenci\u00f3n a los ciudadanos estadounidenses: \u00ab\u00bfQui\u00e9n se ocupa del derecho a la salud, a la educaci\u00f3n, a la alimentaci\u00f3n, al trabajo y a la vivienda de los 40 millones de pobres que tiene EE.UU.? \u00bfQui\u00e9n atiende eso, qui\u00e9n habla de eso?\u00bb.<\/p>\n\n\n\n<p>Por otro lado, cuestion\u00f3 la inversi\u00f3n en armamento en lugar de programas sociales: \u00ab\u00bfPor qu\u00e9 invierten en misiles, en aviones de guerra y en la guerra, y no invierten para que los 40 millones de pobres, que est\u00e1n en las calles, tengan vivienda?\u00bb. Adem\u00e1s, se pregunt\u00f3 por qu\u00e9 no se atiende la violencia interna y los atentados que ocurren con frecuencia en escuelas y universidades del pa\u00eds norteamericano.<\/p>\n\n\n\n<p><strong>Operaciones de la CIA, un hecho nunca visto<\/strong><\/p>\n\n\n\n<p>Con mayor \u00e9nfasis, en el anuncio sobre las operaciones de la CIA contra Venezuela, el presidente Maduro denunci\u00f3 la gravedad de la declaraci\u00f3n p\u00fablica. \u00abAutorizaron que la CIA haga operaciones contra Venezuela, contra la paz de Venezuela. Eso nunca se hab\u00eda visto, siempre lo han hecho, pero jam\u00e1s ning\u00fan gobierno anterior, desde que la CIA existe, dijo p\u00fablicamente que mandaba a la CIA a matar, a derrocar y a acabar a los pa\u00edses\u00bb, dijo.<\/p>\n\n\n\n<p>El Mandatario record\u00f3 el historial de la CIA en Am\u00e9rica Latina y el mundo, citando derrocamientos como los de Jacobo \u00c1rbenz en Guatemala (1954), Juan Bosch en Rep\u00fablica Dominicana (1965), Jo\u00e3o Goulart en Brasil (1964), Salvador Allende en Chile (1973), e incluso a Mohammad Mosaddeq en Ir\u00e1n (1953). Se\u00f1al\u00f3 que la propia CIA, con el paso del tiempo, ha desclasificado documentos que comprueban su participaci\u00f3n, pidiendo incluso perd\u00f3n en algunos casos, lo que calific\u00f3 de inmoralidad.<\/p>\n\n\n\n<p>Sin embargo, asever\u00f3 que \u00abpor primera vez en la historia, un gobierno en Estados Unidos dice que ha dado autorizaci\u00f3n y orden para ir a atacar a un pa\u00eds\u00bb. El presidente Maduro calific\u00f3 esta acci\u00f3n como una \u00abburda y grosera pol\u00edtica intervencionista para cambio de r\u00e9gimen [y un] acto de doble rasero [o de] honestidad macabra\u00bb.<\/p>\n\n\n\n<p>Finalmente, asegur\u00f3 que el objetivo por parte de EE.UU. es \u00ababonar en la guerra psicol\u00f3gica contra el pueblo, para tratar de atemorizar a nuestro pueblo, para tratar de dividir a nuestro pueblo\u00bb. No obstante, garantiz\u00f3 la unidad de Venezuela para hacer frente a cualquier adversidad y propiciar la paz.<\/p>\n\n\n\n<p><strong>Prensa Presidencial \/ Iliana Rosales<\/strong><\/p>\n","protected":false},"excerpt":{"rendered":"<p>Complejo de Miraflores, Caracas.- El presidente de la Rep\u00fablica Bolivariana de Venezuela, Nicol\u00e1s Maduro, conden\u00f3 este jueves las recientes declaraciones del Gobierno de Estados Unidos (EE.UU.), que admiten haber autorizado operaciones de la Agencia Central de Inteligencia (CIA, por sus siglas en ingl\u00e9s), para actuar contra la paz y la estabilidad de Venezuela, a las [&hellip;]<\/p>\n","protected":false},"author":1,"featured_media":24626,"comment_status":"open","ping_status":"open","sticky":false,"template":"","format":"standard","meta":{"footnotes":""},"categories":[18,7],"tags":[],"class_list":["post-24625","post","type-post","status-publish","format-standard","has-post-thumbnail","hentry","category-noticias-principales","category-notas-de-prensa"],"_links":{"self":[{"href":"https:\/\/prensapresidencialvenezuela.gob.ve\/index.php\/wp-json\/wp\/v2\/posts\/24625","targetHints":{"allow":["GET"]}}],"collection":[{"href":"https:\/\/prensapresidencialvenezuela.gob.ve\/index.php\/wp-json\/wp\/v2\/posts"}],"about":[{"href":"https:\/\/prensapresidencialvenezuela.gob.ve\/index.php\/wp-json\/wp\/v2\/types\/post"}],"author":[{"embeddable":true,"href":"https:\/\/prensapresidencialvenezuela.gob.ve\/index.php\/wp-json\/wp\/v2\/users\/1"}],"replies":[{"embeddable":true,"href":"https:\/\/prensapresidencialvenezuela.gob.ve\/index.php\/wp-json\/wp\/v2\/comments?post=24625"}],"version-history":[{"count":4,"href":"https:\/\/prensapresidencialvenezuela.gob.ve\/index.php\/wp-json\/wp\/v2\/posts\/24625\/revisions"}],"predecessor-version":[{"id":24645,"href":"https:\/\/prensapresidencialvenezuela.gob.ve\/index.php\/wp-json\/wp\/v2\/posts\/24625\/revisions\/24645"}],"wp:featuredmedia":[{"embeddable":true,"href":"https:\/\/prensapresidencialvenezuela.gob.ve\/index.php\/wp-json\/wp\/v2\/media\/24626"}],"wp:attachment":[{"href":"https:\/\/prensapresidencialvenezuela.gob.ve\/index.php\/wp-json\/wp\/v2\/media?parent=24625"}],"wp:term":[{"taxonomy":"category","embeddable":true,"href":"https:\/\/prensapresidencialvenezuela.gob.ve\/index.php\/wp-json\/wp\/v2\/categories?post=24625"},{"taxonomy":"post_tag","embeddable":true,"href":"https:\/\/prensapresidencialvenezuela.gob.ve\/index.php\/wp-json\/wp\/v2\/tags?post=24625"}],"curies":[{"name":"wp","href":"https:\/\/api.w.org\/{rel}","templated":true}]}}