{"id":24628,"date":"2025-10-16T18:56:50","date_gmt":"2025-10-16T22:56:50","guid":{"rendered":"https:\/\/prensapresidencialvenezuela.gob.ve\/?p=24628"},"modified":"2025-10-16T18:56:51","modified_gmt":"2025-10-16T22:56:51","slug":"mas-de-62-mil-cocineras-y-cocineros-de-la-patria-lideran-la-defensa-educativa-y-alimentaria","status":"publish","type":"post","link":"https:\/\/prensapresidencialvenezuela.gob.ve\/index.php\/2025\/10\/16\/mas-de-62-mil-cocineras-y-cocineros-de-la-patria-lideran-la-defensa-educativa-y-alimentaria\/","title":{"rendered":"M\u00e1s de 62 mil cocineras y cocineros de la Patria lideran la defensa educativa y alimentaria"},"content":{"rendered":"\n<p><strong>Caracas, Venezuela. &#8211;<\/strong> El presidente de la Rep\u00fablica Bolivariana de Venezuela, Nicol\u00e1s Maduro Moros, enalteci\u00f3 el rol fundamental de las Cocineras y Cocineros de la Patria como vanguardia del Poder Popular, durante el Congreso Nacional de este movimiento, en el marco del D\u00eda Mundial de la Alimentaci\u00f3n.<\/p>\n\n\n\n<p>El Mandatario nacional ratific\u00f3 que este movimiento, surgido al calor de la Revoluci\u00f3n Bolivariana, constituye una columna espiritual para la defensa de la soberan\u00eda alimentaria y la educaci\u00f3n.<\/p>\n\n\n\n<figure class=\"wp-block-gallery has-nested-images columns-default is-cropped wp-block-gallery-1 is-layout-flex wp-block-gallery-is-layout-flex\">\n<figure class=\"wp-block-image size-large\"><img fetchpriority=\"high\" decoding=\"async\" width=\"1024\" height=\"683\" data-id=\"24630\" src=\"https:\/\/prensapresidencialvenezuela.gob.ve\/wp-content\/uploads\/2025\/10\/39_O__5636_P-1024x683.jpg\" alt=\"\" class=\"wp-image-24630\" srcset=\"https:\/\/prensapresidencialvenezuela.gob.ve\/wp-content\/uploads\/2025\/10\/39_O__5636_P-1024x683.jpg 1024w, https:\/\/prensapresidencialvenezuela.gob.ve\/wp-content\/uploads\/2025\/10\/39_O__5636_P-300x200.jpg 300w, https:\/\/prensapresidencialvenezuela.gob.ve\/wp-content\/uploads\/2025\/10\/39_O__5636_P-768x512.jpg 768w, https:\/\/prensapresidencialvenezuela.gob.ve\/wp-content\/uploads\/2025\/10\/39_O__5636_P-1536x1024.jpg 1536w, https:\/\/prensapresidencialvenezuela.gob.ve\/wp-content\/uploads\/2025\/10\/39_O__5636_P-2048x1365.jpg 2048w\" sizes=\"(max-width: 1024px) 100vw, 1024px\" \/><\/figure>\n<\/figure>\n\n\n\n<p><strong>Movimiento protag\u00f3nico: Columna espiritual de la naci\u00f3n<\/strong><\/p>\n\n\n\n<p>El ministro del Poder Popular para la Educaci\u00f3n, H\u00e9ctor Rodr\u00edguez, destac\u00f3 la vasta organizaci\u00f3n del movimiento, que supera las 62 mil madres y padres en todo el territorio nacional, participando de forma presencial y por videoconferencia.<\/p>\n\n\n\n<p>\u00abSon m\u00e1s de 62 mil madres y padres, algunas de ellas aqu\u00ed presentes, otras por la cantidad conectadas por videoconferencia en todo el territorio del pa\u00eds\u00bb, afirm\u00f3 el ministro Rodr\u00edguez, quien subray\u00f3 que este es uno de los cuatro movimientos sociales que dirigen la pol\u00edtica educativa, junto a la Organizaci\u00f3n Bolivariana Estudiantil, la Federaci\u00f3n de Estudiantes de la Educaci\u00f3n Media y el reci\u00e9n nacido Movimiento Bolivariano de Maestros y Maestras.<\/p>\n\n\n\n<p>Rodr\u00edguez record\u00f3 que el movimiento de Madres Cocineras naci\u00f3 de la Corporaci\u00f3n Nacional de Alimentaci\u00f3n Escolar (CNAE), una pol\u00edtica forjada por la Revoluci\u00f3n. \u00abCon el nacimiento de la CNAE naci\u00f3 el Movimiento Fernanda Bola\u00f1os, que hoy se han estado reuniendo\u00bb, apunt\u00f3.<\/p>\n\n\n\n<p>En un gesto de profundo afecto y reconocimiento, el presidente Maduro declar\u00f3 a las y los participantes: \u00abUstedes son mis hijas y mis hijos, no olvidemos al gran profe Arist\u00f3bulo Isturiz\u00bb.<\/p>\n\n\n\n<p><strong>171 mil propuestas para la Venezuela Productiva<\/strong><\/p>\n\n\n\n<p>El ministro Rodr\u00edguez detall\u00f3 el amplio proceso de debate que consolida al movimiento, el cual gener\u00f3 171 mil propuestas a nivel de base. Las madres cocineras se reunieron en cada escuela para debatir sobre dos l\u00edneas estrat\u00e9gicas:<\/p>\n\n\n\n<ul class=\"wp-block-list\">\n<li><strong>Fortalecer la democracia protag\u00f3nica y la organizaci\u00f3n popular.<\/strong><\/li>\n\n\n\n<li><strong>Aportar desde la cocina para la Venezuela productiva.<\/strong><\/li>\n<\/ul>\n\n\n\n<p>El proceso culmin\u00f3 con la elecci\u00f3n de 16 897 voceras y voceros en el pa\u00eds. El ministro inform\u00f3 que el movimiento est\u00e1 decidido a seguir fortaleciendo la pol\u00edtica alimentaria y a aportar a la defensa de la democracia y a lo productivo.<\/p>\n\n\n\n<p>El proceso culmin\u00f3 con la elecci\u00f3n de 16 897 voceras y voceros en el pa\u00eds. El ministro inform\u00f3 que el movimiento est\u00e1 decidido a seguir fortaleciendo la pol\u00edtica alimentaria y a aportar a la defensa de la democracia y a lo productivo.<\/p>\n\n\n\n<p><strong>El Pueblo es Poder y lo ejerce frente al imperialismo<\/strong><\/p>\n\n\n\n<p>El presidente Nicol\u00e1s Maduro aclam\u00f3 el proceso organizativo del movimiento, al que calific\u00f3 como el proceso popular constituyente, mantenido con fuerza desde los tiempos del comandante Ch\u00e1vez.<\/p>\n\n\n\n<p>\u00abMe parece que este es el proceso que tiene que vivir todos los movimientos sociales del pa\u00eds&#8230; un proceso permanente de fortalecimiento y adaptaci\u00f3n a las condiciones nuevas de la sociedad\u00bb, expres\u00f3 el Jefe de Estado.<\/p>\n\n\n\n<p>El Mandatario fue enf\u00e1tico al declarar que el pueblo debe ser poder y ejercerlo: \u00abEl pueblo tiene que ser poder donde vive, donde estudia&#8230; o el pueblo es poder y lo ejerce o viene otro y se lo quita, y ya sabemos qui\u00e9nes quieren quitarle el poder al pueblo\u00bb.<\/p>\n\n\n\n<p>El Presidente denunci\u00f3 la amenaza constante de los centros de poder for\u00e1neos contra la patria:<\/p>\n\n\n\n<p>\u00abEsos poderes demoniacos, que pretenden ponerle las garras a Venezuela para robarse el petr\u00f3leo venezolano&#8230; El objetivo es uno solo, colonizarnos y robarse todas las riquezas y seguir enriqueciendo el Imperio gringo\u00bb.<\/p>\n\n\n\n<p>El presidente Maduro inst\u00f3 al movimiento a mantener una vida interna buena, de debate y solidaridad, consolid\u00e1ndose como un poder real al servicio de la patria y su futuro.<\/p>\n\n\n\n<p><strong>Prensa Presidencial\/ Luis Tavera<\/strong><\/p>\n","protected":false},"excerpt":{"rendered":"<p>Caracas, Venezuela. &#8211; El presidente de la Rep\u00fablica Bolivariana de Venezuela, Nicol\u00e1s Maduro Moros, enalteci\u00f3 el rol fundamental de las Cocineras y Cocineros de la Patria como vanguardia del Poder Popular, durante el Congreso Nacional de este movimiento, en el marco del D\u00eda Mundial de la Alimentaci\u00f3n. El Mandatario nacional ratific\u00f3 que este movimiento, surgido [&hellip;]<\/p>\n","protected":false},"author":14,"featured_media":24629,"comment_status":"open","ping_status":"open","sticky":false,"template":"","format":"standard","meta":{"footnotes":""},"categories":[18,7],"tags":[],"class_list":["post-24628","post","type-post","status-publish","format-standard","has-post-thumbnail","hentry","category-noticias-principales","category-notas-de-prensa"],"_links":{"self":[{"href":"https:\/\/prensapresidencialvenezuela.gob.ve\/index.php\/wp-json\/wp\/v2\/posts\/24628","targetHints":{"allow":["GET"]}}],"collection":[{"href":"https:\/\/prensapresidencialvenezuela.gob.ve\/index.php\/wp-json\/wp\/v2\/posts"}],"about":[{"href":"https:\/\/prensapresidencialvenezuela.gob.ve\/index.php\/wp-json\/wp\/v2\/types\/post"}],"author":[{"embeddable":true,"href":"https:\/\/prensapresidencialvenezuela.gob.ve\/index.php\/wp-json\/wp\/v2\/users\/14"}],"replies":[{"embeddable":true,"href":"https:\/\/prensapresidencialvenezuela.gob.ve\/index.php\/wp-json\/wp\/v2\/comments?post=24628"}],"version-history":[{"count":1,"href":"https:\/\/prensapresidencialvenezuela.gob.ve\/index.php\/wp-json\/wp\/v2\/posts\/24628\/revisions"}],"predecessor-version":[{"id":24631,"href":"https:\/\/prensapresidencialvenezuela.gob.ve\/index.php\/wp-json\/wp\/v2\/posts\/24628\/revisions\/24631"}],"wp:featuredmedia":[{"embeddable":true,"href":"https:\/\/prensapresidencialvenezuela.gob.ve\/index.php\/wp-json\/wp\/v2\/media\/24629"}],"wp:attachment":[{"href":"https:\/\/prensapresidencialvenezuela.gob.ve\/index.php\/wp-json\/wp\/v2\/media?parent=24628"}],"wp:term":[{"taxonomy":"category","embeddable":true,"href":"https:\/\/prensapresidencialvenezuela.gob.ve\/index.php\/wp-json\/wp\/v2\/categories?post=24628"},{"taxonomy":"post_tag","embeddable":true,"href":"https:\/\/prensapresidencialvenezuela.gob.ve\/index.php\/wp-json\/wp\/v2\/tags?post=24628"}],"curies":[{"name":"wp","href":"https:\/\/api.w.org\/{rel}","templated":true}]}}