{"id":24632,"date":"2025-10-16T19:33:08","date_gmt":"2025-10-16T23:33:08","guid":{"rendered":"https:\/\/prensapresidencialvenezuela.gob.ve\/?p=24632"},"modified":"2025-10-16T19:33:42","modified_gmt":"2025-10-16T23:33:42","slug":"canonizacion-de-jose-gregorio-hernandez-y-carmen-rendiles-son-un-triunfo-de-los-valores-y-la-unidad-venezolana","status":"publish","type":"post","link":"https:\/\/prensapresidencialvenezuela.gob.ve\/index.php\/2025\/10\/16\/canonizacion-de-jose-gregorio-hernandez-y-carmen-rendiles-son-un-triunfo-de-los-valores-y-la-unidad-venezolana\/","title":{"rendered":"Canonizaci\u00f3n de Jos\u00e9 Gregorio Hern\u00e1ndez y Carmen Rendiles son un triunfo de los valores y la unidad venezolana"},"content":{"rendered":"\n<p><strong>Ciudad del Vaticano \/ Caracas.\u2013<\/strong> El presidente de la Rep\u00fablica Bolivariana de Venezuela, Nicol\u00e1s Maduro, sostuvo este jueves una interacci\u00f3n satelital con los periodistas Boris Castellanos y Mar\u00eda Gabriela Rodr\u00edguez, del canal Venezolana Televisi\u00f3n (VTV), quienes se encuentran en la Ciudad del Vaticano, cubriendo los actos protocolares con motivo de la pr\u00f3xima canonizaci\u00f3n de los beatos Jos\u00e9 Gregorio Hern\u00e1ndez y Carmen Rendiles.<\/p>\n\n\n\n<p>El contacto se realiz\u00f3 desde el Complejo Miraflores, en Caracas, como parte del Congreso Nacional de Cocineras y Cocineros de la Patria. Durante su intervenci\u00f3n, destac\u00f3 la trascendencia del evento, que calific\u00f3 de \u00abhist\u00f3rico, desde el punto de vista cultural, espiritual y humano\u00bb.<\/p>\n\n\n\n<p>\u00abSomos un pueblo de sabios, santos, guerreros, patriotas, gente trabajadora, decente. El pueblo de Venezuela no es el Tren de Aragua. El pueblo de Venezuela es el pueblo del trabajo, de los valores\u00bb, sentenci\u00f3.<\/p>\n\n\n\n<p>El Jefe de Estado enfatiz\u00f3 que, tras 77 a\u00f1os de espera, el pr\u00f3ximo domingo se concretar\u00e1 la canonizaci\u00f3n de Jos\u00e9 Gregorio Hern\u00e1ndez, quien ser\u00e1 \u00abSan Jos\u00e9 Gregorio Hern\u00e1ndez del Pueblo\u00bb.<\/p>\n\n\n\n<figure class=\"wp-block-image size-large\"><img fetchpriority=\"high\" decoding=\"async\" width=\"1024\" height=\"562\" src=\"https:\/\/prensapresidencialvenezuela.gob.ve\/wp-content\/uploads\/2025\/10\/WhatsApp-Image-2025-10-16-at-7.30.09-PM-1-1024x562.jpeg\" alt=\"\" class=\"wp-image-24637\" srcset=\"https:\/\/prensapresidencialvenezuela.gob.ve\/wp-content\/uploads\/2025\/10\/WhatsApp-Image-2025-10-16-at-7.30.09-PM-1-1024x562.jpeg 1024w, https:\/\/prensapresidencialvenezuela.gob.ve\/wp-content\/uploads\/2025\/10\/WhatsApp-Image-2025-10-16-at-7.30.09-PM-1-300x165.jpeg 300w, https:\/\/prensapresidencialvenezuela.gob.ve\/wp-content\/uploads\/2025\/10\/WhatsApp-Image-2025-10-16-at-7.30.09-PM-1-768x422.jpeg 768w, https:\/\/prensapresidencialvenezuela.gob.ve\/wp-content\/uploads\/2025\/10\/WhatsApp-Image-2025-10-16-at-7.30.09-PM-1.jpeg 1244w\" sizes=\"(max-width: 1024px) 100vw, 1024px\" \/><\/figure>\n\n\n\n<p><strong>Unidad y reencuentro en Roma<\/strong><\/p>\n\n\n\n<p>Desde Roma, el periodista Boris Castellanos y la periodista Mar\u00eda Gabriela Rodr\u00edguez, confirmaron el ambiente de unidad y paz en el Vaticano, donde se han congregado todos los sectores pol\u00edticos y sociales para celebrar este triunfo que marca un hito hist\u00f3rico.<\/p>\n\n\n\n<p>\u00abPrimera vez en 195 a\u00f1os que tenemos no solamente un santo, dos santos al mismo tiempo, y eso va a ocurrir este domingo\u00bb, se\u00f1al\u00f3 Castellanos.<\/p>\n\n\n\n<p>Por su parte, Rodr\u00edguez recalc\u00f3 que este \u00abevento hist\u00f3rico&#8230; realza los valores de la venezolanidad, nuestra identidad, al estar Jos\u00e9 Gregorio Hern\u00e1ndez presente en nuestra idiosincrasia, en nuestras casas\u00bb.<\/p>\n\n\n\n<p>Asimismo, destac\u00f3 la fe del pueblo venezolano y los milagros atribuidos al M\u00e9dico de los Pobres, testimonio que ha recogido en sus encuentros con connacionales en Roma.<\/p>\n\n\n\n<p><strong>Detalles de la Ceremonia y Homenaje Musical<\/strong><\/p>\n\n\n\n<p>El presidente Maduro precis\u00f3 detalles sobre el acto central:<\/p>\n\n\n\n<ul class=\"wp-block-list\">\n<li><strong>La Misa de Canonizaci\u00f3n se realizar\u00e1 el domingo 19 de octubre, a las 4:30 a.m. hora de Venezuela (10:30 a.m. hora de Roma), en la Plaza San Pedro, Ciudad del Vaticano.<\/strong><\/li>\n<\/ul>\n\n\n\n<ul class=\"wp-block-list\">\n<li><strong>Al mediod\u00eda, el Sistema de Orquestas Sim\u00f3n Bol\u00edvar de Venezuela ofrecer\u00e1 un concierto en representaci\u00f3n de la naci\u00f3n, con ni\u00f1os, ni\u00f1as y j\u00f3venes, en homenaje a San Jos\u00e9 Gregorio Hern\u00e1ndez y a la Madre Carmen Rendiles.<\/strong><\/li>\n<\/ul>\n\n\n\n<p><strong>Homenaje al papa Francisco<\/strong><\/p>\n\n\n\n<p>El jefe de Estado venezolano rememor\u00f3 sus gestiones ante el papa Francisco, a quien le present\u00f3 el caso del beato, el 17 de junio de 2013.<\/p>\n\n\n\n<p>Mencion\u00f3 que solicit\u00f3 al Papa \u00abtumbar tantas burocracias, tantos retardos, tantas cosas feas, inclusive, que se estaban haciendo contra Jos\u00e9 Gregorio\u00bb, logrando que el Sumo Pont\u00edfice, ya al final de su vida, firmara el decreto de canonizaci\u00f3n.<\/p>\n\n\n\n<p>\u00abEn el momento en que est\u00e9n declarando la canonizaci\u00f3n oficial, elevemos una oraci\u00f3n por la memoria del papa Francisco, el papa latinoamericano\u00bb, dijo.<\/p>\n\n\n\n<p><strong>Actividades previas<\/strong><\/p>\n\n\n\n<p>El periodista Boris Castellanos report\u00f3 que la jornada en Roma ha sido intensa, con tres procesiones a lo largo de este jueves, una de ellas con la participaci\u00f3n de \u00abm\u00e1s de un centenar de ni\u00f1os del Sistema de Coros y Orquestas Juveniles de Venezuela\u00bb.<\/p>\n\n\n\n<p><strong>Prensa Presidencial \/ Iliana Rosales<\/strong><\/p>\n","protected":false},"excerpt":{"rendered":"<p>Ciudad del Vaticano \/ Caracas.\u2013 El presidente de la Rep\u00fablica Bolivariana de Venezuela, Nicol\u00e1s Maduro, sostuvo este jueves una interacci\u00f3n satelital con los periodistas Boris Castellanos y Mar\u00eda Gabriela Rodr\u00edguez, del canal Venezolana Televisi\u00f3n (VTV), quienes se encuentran en la Ciudad del Vaticano, cubriendo los actos protocolares con motivo de la pr\u00f3xima canonizaci\u00f3n de los [&hellip;]<\/p>\n","protected":false},"author":1,"featured_media":24639,"comment_status":"open","ping_status":"open","sticky":false,"template":"","format":"standard","meta":{"footnotes":""},"categories":[18,7],"tags":[],"class_list":["post-24632","post","type-post","status-publish","format-standard","has-post-thumbnail","hentry","category-noticias-principales","category-notas-de-prensa"],"_links":{"self":[{"href":"https:\/\/prensapresidencialvenezuela.gob.ve\/index.php\/wp-json\/wp\/v2\/posts\/24632","targetHints":{"allow":["GET"]}}],"collection":[{"href":"https:\/\/prensapresidencialvenezuela.gob.ve\/index.php\/wp-json\/wp\/v2\/posts"}],"about":[{"href":"https:\/\/prensapresidencialvenezuela.gob.ve\/index.php\/wp-json\/wp\/v2\/types\/post"}],"author":[{"embeddable":true,"href":"https:\/\/prensapresidencialvenezuela.gob.ve\/index.php\/wp-json\/wp\/v2\/users\/1"}],"replies":[{"embeddable":true,"href":"https:\/\/prensapresidencialvenezuela.gob.ve\/index.php\/wp-json\/wp\/v2\/comments?post=24632"}],"version-history":[{"count":1,"href":"https:\/\/prensapresidencialvenezuela.gob.ve\/index.php\/wp-json\/wp\/v2\/posts\/24632\/revisions"}],"predecessor-version":[{"id":24638,"href":"https:\/\/prensapresidencialvenezuela.gob.ve\/index.php\/wp-json\/wp\/v2\/posts\/24632\/revisions\/24638"}],"wp:featuredmedia":[{"embeddable":true,"href":"https:\/\/prensapresidencialvenezuela.gob.ve\/index.php\/wp-json\/wp\/v2\/media\/24639"}],"wp:attachment":[{"href":"https:\/\/prensapresidencialvenezuela.gob.ve\/index.php\/wp-json\/wp\/v2\/media?parent=24632"}],"wp:term":[{"taxonomy":"category","embeddable":true,"href":"https:\/\/prensapresidencialvenezuela.gob.ve\/index.php\/wp-json\/wp\/v2\/categories?post=24632"},{"taxonomy":"post_tag","embeddable":true,"href":"https:\/\/prensapresidencialvenezuela.gob.ve\/index.php\/wp-json\/wp\/v2\/tags?post=24632"}],"curies":[{"name":"wp","href":"https:\/\/api.w.org\/{rel}","templated":true}]}}