{"id":24646,"date":"2025-10-16T21:22:11","date_gmt":"2025-10-17T01:22:11","guid":{"rendered":"https:\/\/prensapresidencialvenezuela.gob.ve\/?p=24646"},"modified":"2025-10-16T21:22:12","modified_gmt":"2025-10-17T01:22:12","slug":"reactivados-43-pdval-a-nivel-nacional-bajo-un-nuevo-formato-de-sostenibilidad","status":"publish","type":"post","link":"https:\/\/prensapresidencialvenezuela.gob.ve\/index.php\/2025\/10\/16\/reactivados-43-pdval-a-nivel-nacional-bajo-un-nuevo-formato-de-sostenibilidad\/","title":{"rendered":"Reactivados 43 PDVAL a nivel nacional bajo un nuevo formato de sostenibilidad"},"content":{"rendered":"\n<p><strong>Caracas \/ La Guaira.\u2013<\/strong> El presidente de la Rep\u00fablica Bolivariana de Venezuela, Nicol\u00e1s Maduro, anunci\u00f3 este jueves la reactivaci\u00f3n e inauguraci\u00f3n de 43 puntos de distribuci\u00f3n de la Productora y Distribuidora Venezolana de Alimentos (PDVAL), a lo largo del pa\u00eds, con un nuevo formato de sostenibilidad y un enfoque en la producci\u00f3n nacional.<\/p>\n\n\n\n<p>El anuncio se realiz\u00f3 durante el Congreso Nacional de Cocineras y Cocineros de la Patria, efectuado en el Complejo de Miraflores, en Caracas, desde donde hizo un pase satelital con el gobernador del estado La Guaira, Jos\u00e9 Alejandro Ter\u00e1n, quien se encontraba en la parroquia Urimare, para la apertura de uno de estos establecimientos.<\/p>\n\n\n\n<p>El Mandatario nacional destac\u00f3 que los nuevos PDVAL operar\u00e1n bajo un modelo de \u00abnueva Venezuela, que crece y produce, con puros alimentos hecho en Venezuela, comercializado en Venezuela, para la familia venezolana\u00bb.<\/p>\n\n\n\n<p><strong>Detalles desde La Guaira<\/strong><\/p>\n\n\n\n<p>El gobernador Ter\u00e1n, acompa\u00f1ado por el alcalde de La Guaira, Jos\u00e9 Manuel Su\u00e1rez Maldonado, voceros del Poder Comunal Popular y la responsable de PDVAL en el estado, resalt\u00f3 que el esfuerzo del Ejecutivo Nacional permite \u00abreimpulsar todo el fortalecimiento de esta red de distribuci\u00f3n de alimentos\u00bb y asegurar la llegada de rubros frescos y de calidad al pueblo.<\/p>\n\n\n\n<p>Asimismo, enfatiz\u00f3 que el nuevo formato de PDVAL fortalece el circuito de econom\u00eda local, comunal, end\u00f3gena, trayendo productos directamente del campo.<\/p>\n\n\n\n<p>\u00abAqu\u00ed tenemos hortalizas, verduras, todo de m\u00e1xima calidad, muy fresco, todo esto se produce aqu\u00ed mismo en Carayaca. Esto permite fortalecer todo ese circuito de econom\u00eda local, comunal\u00bb, explic\u00f3 Ter\u00e1n, a\u00f1adiendo que los anaqueles ofrecen charcuter\u00eda, v\u00edveres, prote\u00ednas, l\u00ednea blanca y productos navide\u00f1os a precios accesibles.<\/p>\n\n\n\n<p><strong>Agradecimiento del Poder Popular<\/strong><\/p>\n\n\n\n<p>En el contacto, la vocera comunal Elizabeth Perdomo expres\u00f3 la emoci\u00f3n de su comunidad y envi\u00f3 un agradecimiento al Mandatario nacional, en nombre de los 18 consejos comunales, 73 sectores, 7 comunas y 9 300 familias, por este nuevo logro de la soberan\u00eda alimentaria.<\/p>\n\n\n\n<p><strong>Prensa Presidencial \/ Iliana Rosales<\/strong><\/p>\n","protected":false},"excerpt":{"rendered":"<p>Caracas \/ La Guaira.\u2013 El presidente de la Rep\u00fablica Bolivariana de Venezuela, Nicol\u00e1s Maduro, anunci\u00f3 este jueves la reactivaci\u00f3n e inauguraci\u00f3n de 43 puntos de distribuci\u00f3n de la Productora y Distribuidora Venezolana de Alimentos (PDVAL), a lo largo del pa\u00eds, con un nuevo formato de sostenibilidad y un enfoque en la producci\u00f3n nacional. El anuncio [&hellip;]<\/p>\n","protected":false},"author":1,"featured_media":24647,"comment_status":"open","ping_status":"open","sticky":false,"template":"","format":"standard","meta":{"footnotes":""},"categories":[18,7],"tags":[],"class_list":["post-24646","post","type-post","status-publish","format-standard","has-post-thumbnail","hentry","category-noticias-principales","category-notas-de-prensa"],"_links":{"self":[{"href":"https:\/\/prensapresidencialvenezuela.gob.ve\/index.php\/wp-json\/wp\/v2\/posts\/24646","targetHints":{"allow":["GET"]}}],"collection":[{"href":"https:\/\/prensapresidencialvenezuela.gob.ve\/index.php\/wp-json\/wp\/v2\/posts"}],"about":[{"href":"https:\/\/prensapresidencialvenezuela.gob.ve\/index.php\/wp-json\/wp\/v2\/types\/post"}],"author":[{"embeddable":true,"href":"https:\/\/prensapresidencialvenezuela.gob.ve\/index.php\/wp-json\/wp\/v2\/users\/1"}],"replies":[{"embeddable":true,"href":"https:\/\/prensapresidencialvenezuela.gob.ve\/index.php\/wp-json\/wp\/v2\/comments?post=24646"}],"version-history":[{"count":1,"href":"https:\/\/prensapresidencialvenezuela.gob.ve\/index.php\/wp-json\/wp\/v2\/posts\/24646\/revisions"}],"predecessor-version":[{"id":24648,"href":"https:\/\/prensapresidencialvenezuela.gob.ve\/index.php\/wp-json\/wp\/v2\/posts\/24646\/revisions\/24648"}],"wp:featuredmedia":[{"embeddable":true,"href":"https:\/\/prensapresidencialvenezuela.gob.ve\/index.php\/wp-json\/wp\/v2\/media\/24647"}],"wp:attachment":[{"href":"https:\/\/prensapresidencialvenezuela.gob.ve\/index.php\/wp-json\/wp\/v2\/media?parent=24646"}],"wp:term":[{"taxonomy":"category","embeddable":true,"href":"https:\/\/prensapresidencialvenezuela.gob.ve\/index.php\/wp-json\/wp\/v2\/categories?post=24646"},{"taxonomy":"post_tag","embeddable":true,"href":"https:\/\/prensapresidencialvenezuela.gob.ve\/index.php\/wp-json\/wp\/v2\/tags?post=24646"}],"curies":[{"name":"wp","href":"https:\/\/api.w.org\/{rel}","templated":true}]}}