{"id":24649,"date":"2025-10-16T21:40:40","date_gmt":"2025-10-17T01:40:40","guid":{"rendered":"https:\/\/prensapresidencialvenezuela.gob.ve\/?p=24649"},"modified":"2025-10-16T21:40:40","modified_gmt":"2025-10-17T01:40:40","slug":"anuncian-integracion-de-cocineros-a-la-milicia-bolivariana-y-exaltan-papel-del-poder-popular-en-la-soberania-alimentaria","status":"publish","type":"post","link":"https:\/\/prensapresidencialvenezuela.gob.ve\/index.php\/2025\/10\/16\/anuncian-integracion-de-cocineros-a-la-milicia-bolivariana-y-exaltan-papel-del-poder-popular-en-la-soberania-alimentaria\/","title":{"rendered":"Anuncian integraci\u00f3n de cocineros a la Milicia Bolivariana y exaltan papel del Poder Popular en la soberan\u00eda alimentaria"},"content":{"rendered":"\n<p><strong>Complejo de Miraflores, Caracas.\u2013<\/strong> El presidente de la Rep\u00fablica Bolivariana de Venezuela, Nicol\u00e1s Maduro, junto al ministro del Poder Popular para la Alimentaci\u00f3n, M\/G Carlos Leal Teller\u00eda, en el Congreso Nacional de Cocineras y Cocineros de la Patria, desde el Complejo Miraflores, destac\u00f3 el papel protag\u00f3nico del Poder Popular en la consolidaci\u00f3n de la soberan\u00eda alimentaria y la superaci\u00f3n de las consecuencias del bloqueo econ\u00f3mico.<\/p>\n\n\n\n<p>El titular de la cartera de Alimentaci\u00f3n reconoci\u00f3 el esfuerzo de los cocineros y cocineras que, con su amor y convicci\u00f3n, preparan diariamente los alimentos en los planteles educativos del pa\u00eds. El punto central de sus declaraciones fue el \u00e9xito de la estrategia de reactivaci\u00f3n de la red de distribuci\u00f3n p\u00fablica de alimentos, la cual fue golpeada por las medidas coercitivas unilaterales (MCU).<\/p>\n\n\n\n<p>\u201cYo pienso que la clave de la manera como se ha rehabilitado y se han reactivado y se han puesto al servicio de nuestro pueblo, es que nuestro pueblo se ha empoderado y se ha involucrado en las tareas de rehabilitaci\u00f3n, de reacomodo, de acondicionamiento,\u201d afirm\u00f3 Teller\u00eda.<\/p>\n\n\n\n<p>El ministro detall\u00f3 que en un lapso de dos meses se han rehabilitado 43 establecimientos PDVAL a nivel nacional, gracias a la participaci\u00f3n directa de las comunas y los circuitos comunales. Estos establecimientos operan ahora bajo un principio de auto-sustentabilidad y autogesti\u00f3n, ofreciendo alimentos a precios solidarios.<\/p>\n\n\n\n<p>Asimismo,&nbsp; precis\u00f3 que el objetivo es alcanzar los 88 establecimientos rehabilitados para el mes de diciembre, proyectando que, al cierre del a\u00f1o 2026, los 416 PDVAL del pa\u00eds est\u00e9n completamente reactivados.<\/p>\n\n\n\n<p><strong>Presidente Maduro: \u00abCon el Poder Popular, Todo\u00bb<\/strong><\/p>\n\n\n\n<p>El Dignatario Nacional ratific\u00f3 tambi\u00e9n que el Poder Popular es la fuerza motriz detr\u00e1s del progreso nacional.<\/p>\n\n\n\n<p>\u00abCon el Poder Popular, todo. Con las comunas, los circuitos comunales, el Poder Popular lo puede todo, como aprendimos a hacer much\u00edsimo con nada,\u00bb enfatiz\u00f3, resaltando la creatividad, la inventiva y el deseo de luchar por la comunidad, la familia y la Patria.<\/p>\n\n\n\n<p><strong>Fortalecimiento al Sistema de Alimentaci\u00f3n Escolar<\/strong><\/p>\n\n\n\n<p>En reconocimiento a la labor del Movimiento de Cocineras y Cocineros, el Presidente Maduro anunci\u00f3 una serie de iniciativas destinadas a fortalecer el Programa de Alimentaci\u00f3n Escolar (PAE):<\/p>\n\n\n\n<ul class=\"wp-block-list\">\n<li><strong>Integraci\u00f3n Defensiva:<\/strong> El movimiento de madres y padres cocineros ser\u00e1 integrado completamente al Sistema Defensivo Nacional a trav\u00e9s de la Milicia Bolivariana.<\/li>\n<\/ul>\n\n\n\n<ul class=\"wp-block-list\">\n<li><strong>Log\u00edstica Reforzada:<\/strong> Distribuci\u00f3n inmediata de 100 nuevos camiones para la Corporaci\u00f3n Nacional de Alimentaci\u00f3n Escolar (CNAE) para optimizar la flota de distribuci\u00f3n.<\/li>\n<\/ul>\n\n\n\n<ul class=\"wp-block-list\">\n<li><strong>Infraestructura:<\/strong> Aprobaci\u00f3n de recursos para la recuperaci\u00f3n completa de la infraestructura de cocina en 500 instituciones educativas.<\/li>\n<\/ul>\n\n\n\n<ul class=\"wp-block-list\">\n<li><strong>Flota Refrigerada:<\/strong> Incorporaci\u00f3n de 30 camiones de refrigeraci\u00f3n nuevos al sistema.<\/li>\n<\/ul>\n\n\n\n<ul class=\"wp-block-list\">\n<li><strong>Producci\u00f3n Local:<\/strong> Fortalecimiento de los conucos y huertos escolares, as\u00ed como el plan especial de semillas, siembra y procesamiento de rubros espec\u00edficos de cada regi\u00f3n, con la meta de que \u00abcada cocina se convierta en un banco de semillas y en cada escuela tener un huerto escolar y un bosque frutal\u201d.<\/li>\n<\/ul>\n\n\n\n<p><strong>Prensa Presidencial \/ Iliana Rosales<\/strong><\/p>\n","protected":false},"excerpt":{"rendered":"<p>Complejo de Miraflores, Caracas.\u2013 El presidente de la Rep\u00fablica Bolivariana de Venezuela, Nicol\u00e1s Maduro, junto al ministro del Poder Popular para la Alimentaci\u00f3n, M\/G Carlos Leal Teller\u00eda, en el Congreso Nacional de Cocineras y Cocineros de la Patria, desde el Complejo Miraflores, destac\u00f3 el papel protag\u00f3nico del Poder Popular en la consolidaci\u00f3n de la soberan\u00eda [&hellip;]<\/p>\n","protected":false},"author":1,"featured_media":24650,"comment_status":"open","ping_status":"open","sticky":false,"template":"","format":"standard","meta":{"footnotes":""},"categories":[18,7],"tags":[],"class_list":["post-24649","post","type-post","status-publish","format-standard","has-post-thumbnail","hentry","category-noticias-principales","category-notas-de-prensa"],"_links":{"self":[{"href":"https:\/\/prensapresidencialvenezuela.gob.ve\/index.php\/wp-json\/wp\/v2\/posts\/24649","targetHints":{"allow":["GET"]}}],"collection":[{"href":"https:\/\/prensapresidencialvenezuela.gob.ve\/index.php\/wp-json\/wp\/v2\/posts"}],"about":[{"href":"https:\/\/prensapresidencialvenezuela.gob.ve\/index.php\/wp-json\/wp\/v2\/types\/post"}],"author":[{"embeddable":true,"href":"https:\/\/prensapresidencialvenezuela.gob.ve\/index.php\/wp-json\/wp\/v2\/users\/1"}],"replies":[{"embeddable":true,"href":"https:\/\/prensapresidencialvenezuela.gob.ve\/index.php\/wp-json\/wp\/v2\/comments?post=24649"}],"version-history":[{"count":1,"href":"https:\/\/prensapresidencialvenezuela.gob.ve\/index.php\/wp-json\/wp\/v2\/posts\/24649\/revisions"}],"predecessor-version":[{"id":24651,"href":"https:\/\/prensapresidencialvenezuela.gob.ve\/index.php\/wp-json\/wp\/v2\/posts\/24649\/revisions\/24651"}],"wp:featuredmedia":[{"embeddable":true,"href":"https:\/\/prensapresidencialvenezuela.gob.ve\/index.php\/wp-json\/wp\/v2\/media\/24650"}],"wp:attachment":[{"href":"https:\/\/prensapresidencialvenezuela.gob.ve\/index.php\/wp-json\/wp\/v2\/media?parent=24649"}],"wp:term":[{"taxonomy":"category","embeddable":true,"href":"https:\/\/prensapresidencialvenezuela.gob.ve\/index.php\/wp-json\/wp\/v2\/categories?post=24649"},{"taxonomy":"post_tag","embeddable":true,"href":"https:\/\/prensapresidencialvenezuela.gob.ve\/index.php\/wp-json\/wp\/v2\/tags?post=24649"}],"curies":[{"name":"wp","href":"https:\/\/api.w.org\/{rel}","templated":true}]}}