{"id":24654,"date":"2025-10-17T17:11:08","date_gmt":"2025-10-17T21:11:08","guid":{"rendered":"https:\/\/prensapresidencialvenezuela.gob.ve\/?p=24654"},"modified":"2025-10-17T17:11:09","modified_gmt":"2025-10-17T21:11:09","slug":"inauguran-ciudad-del-emprendimiento-en-el-urbanismo-oscar-lopez-rivera-de-caracas","status":"publish","type":"post","link":"https:\/\/prensapresidencialvenezuela.gob.ve\/index.php\/2025\/10\/17\/inauguran-ciudad-del-emprendimiento-en-el-urbanismo-oscar-lopez-rivera-de-caracas\/","title":{"rendered":"Inauguran Ciudad del Emprendimiento en el urbanismo \u00abOscar L\u00f3pez Rivera\u00bb de Caracas"},"content":{"rendered":"\n<p><strong>Caracas, Venezuela. \u2013<\/strong> En el urbanismo Oscar L\u00f3pez Rivera se ha inaugurado la Ciudad del Emprendimiento, una iniciativa del Gobierno Bolivariano para incentivar a\u00fan m\u00e1s el Motor Emprendimiento en el pa\u00eds. El evento fue presidido por el presidente de la Rep\u00fablica Bolivariana de Venezuela, Nicol\u00e1s Maduro Moros, con la finalidad de afianzar grandes estrategias que contribuyan a la econom\u00eda venezolana. <\/p>\n\n\n\n<p>Estas zonas locales econ\u00f3micas deber\u00e1n ser activadas en cada ciudad del pa\u00eds, a fin de contribuir con los peque\u00f1os y medianos emprendedores, as\u00ed como con la generaci\u00f3n de empleos; con una visi\u00f3n clara sobre la diversificaci\u00f3n de la econom\u00eda, como forma de contrarrestar el impacto de las sanciones y medidas coercitivas imperiales, que han sido ejercidas por el Gobierno de los Estados Unidos.<\/p>\n\n\n\n<p>Durante este encuentro con emprendedores, el Jefe de Estado realiz\u00f3 un recorrido por el Paseo Vargas, donde se encuentra la Ciudad del Emprendimiento, y en la que participan hoy 180 personas para la activaci\u00f3n de lo siguientes negocios socio-productivos:<\/p>\n\n\n\n<ol class=\"wp-block-list\">\n<li><strong>Restaurante el Mana, en la que ofrecen comida r\u00e1pida.<\/strong><\/li>\n\n\n\n<li><strong>Suministro JCMS, peque\u00f1a empresa de elaboraci\u00f3n y venta de uniformes escolares.<\/strong><\/li>\n<\/ol>\n\n\n\n<p><strong>3. Consultorio Popular de medicina general.<\/strong><\/p>\n\n\n\n<p><strong>4. Las villanas, que cuenta con personal para la elaboraci\u00f3n y venta de empanadas argentinas.<\/strong><\/p>\n\n\n\n<p><strong>&nbsp;&nbsp;&nbsp;&nbsp;&nbsp; 5. Mini tiendas de emprendimiento Zona A para la venta de: &#8211; Dulces y reposter\u00eda &#8211; <\/strong><strong>\u2060<\/strong><strong>Dulces criollos &#8211; <\/strong><strong>\u2060<\/strong><strong>Empaquetados al vac<\/strong><strong>\u00ed<\/strong><strong>o &#8211; <\/strong><strong>\u2060<\/strong><strong>Comida r<\/strong><strong>\u00e1<\/strong><strong>pida, entre otras <\/strong><strong>\u00e1<\/strong><strong>reas de abordaje econ<\/strong><strong>\u00f3<\/strong><strong>mico.<\/strong><\/p>\n\n\n\n<p>Es de inter\u00e9s mencionar que en el lugar se efectuaron los siguientes trabajos de recuperaci\u00f3n, para la adecuaci\u00f3n de cada uno de los puntos de emprendimiento:<\/p>\n\n\n\n<p>Rehabilitaci\u00f3n y embellecimiento de los espacios y fachadas a locales socio-productivos.<\/p>\n\n\n\n<p>Recuperaci\u00f3n del parque y \u00e1reas comunes para el esparcimiento y la recreaci\u00f3n.<\/p>\n\n\n\n<p>Creaci\u00f3n de corredor gastron\u00f3mico, una ruta que cuenta con 15 emprendimientos.<\/p>\n\n\n\n<p>Atenci\u00f3n y formalizaci\u00f3n de m\u00e1s de 200 emprendedores.<\/p>\n\n\n\n<p>Asimismo, es relevante indicar que este sector comprende tres urbanismos: 5 H\u00e9roes Cubanos, Omar Torrijos, y el inicial que fue mencionado en l\u00edneas anteriores, Oscar L\u00f3pez Rivera, donde se encuentran activos 68 locales productivos.<\/p>\n\n\n\n<p>Por otra parte, es importante resaltar que en el a\u00f1o 2021 se public\u00f3 la Ley para el Fomento y Desarrollo de Nuevos Emprendimientos, en la Gaceta Oficial N\u00b0 6 656, como marco legal que ampara tu iniciativa. Su enfoque principal es impulsar la creaci\u00f3n de nuevos negocios, fomentar una cultura emprendedora y diversificar la producci\u00f3n de bienes y servicios en el pa\u00eds.<\/p>\n\n\n\n<p><strong>Prensa Presidencial\/ Irmary D\u00edaz<\/strong><\/p>\n","protected":false},"excerpt":{"rendered":"<p>Caracas, Venezuela. \u2013 En el urbanismo Oscar L\u00f3pez Rivera se ha inaugurado la Ciudad del Emprendimiento, una iniciativa del Gobierno Bolivariano para incentivar a\u00fan m\u00e1s el Motor Emprendimiento en el pa\u00eds. El evento fue presidido por el presidente de la Rep\u00fablica Bolivariana de Venezuela, Nicol\u00e1s Maduro Moros, con la finalidad de afianzar grandes estrategias que [&hellip;]<\/p>\n","protected":false},"author":1,"featured_media":24655,"comment_status":"open","ping_status":"open","sticky":false,"template":"","format":"standard","meta":{"footnotes":""},"categories":[18,7],"tags":[],"class_list":["post-24654","post","type-post","status-publish","format-standard","has-post-thumbnail","hentry","category-noticias-principales","category-notas-de-prensa"],"_links":{"self":[{"href":"https:\/\/prensapresidencialvenezuela.gob.ve\/index.php\/wp-json\/wp\/v2\/posts\/24654","targetHints":{"allow":["GET"]}}],"collection":[{"href":"https:\/\/prensapresidencialvenezuela.gob.ve\/index.php\/wp-json\/wp\/v2\/posts"}],"about":[{"href":"https:\/\/prensapresidencialvenezuela.gob.ve\/index.php\/wp-json\/wp\/v2\/types\/post"}],"author":[{"embeddable":true,"href":"https:\/\/prensapresidencialvenezuela.gob.ve\/index.php\/wp-json\/wp\/v2\/users\/1"}],"replies":[{"embeddable":true,"href":"https:\/\/prensapresidencialvenezuela.gob.ve\/index.php\/wp-json\/wp\/v2\/comments?post=24654"}],"version-history":[{"count":1,"href":"https:\/\/prensapresidencialvenezuela.gob.ve\/index.php\/wp-json\/wp\/v2\/posts\/24654\/revisions"}],"predecessor-version":[{"id":24656,"href":"https:\/\/prensapresidencialvenezuela.gob.ve\/index.php\/wp-json\/wp\/v2\/posts\/24654\/revisions\/24656"}],"wp:featuredmedia":[{"embeddable":true,"href":"https:\/\/prensapresidencialvenezuela.gob.ve\/index.php\/wp-json\/wp\/v2\/media\/24655"}],"wp:attachment":[{"href":"https:\/\/prensapresidencialvenezuela.gob.ve\/index.php\/wp-json\/wp\/v2\/media?parent=24654"}],"wp:term":[{"taxonomy":"category","embeddable":true,"href":"https:\/\/prensapresidencialvenezuela.gob.ve\/index.php\/wp-json\/wp\/v2\/categories?post=24654"},{"taxonomy":"post_tag","embeddable":true,"href":"https:\/\/prensapresidencialvenezuela.gob.ve\/index.php\/wp-json\/wp\/v2\/tags?post=24654"}],"curies":[{"name":"wp","href":"https:\/\/api.w.org\/{rel}","templated":true}]}}