{"id":24657,"date":"2025-10-17T17:21:19","date_gmt":"2025-10-17T21:21:19","guid":{"rendered":"https:\/\/prensapresidencialvenezuela.gob.ve\/?p=24657"},"modified":"2025-10-17T17:21:19","modified_gmt":"2025-10-17T21:21:19","slug":"presidente-maduro-destaca-el-emprendimiento-como-un-motor-economico-forjado-en-la-adversidad","status":"publish","type":"post","link":"https:\/\/prensapresidencialvenezuela.gob.ve\/index.php\/2025\/10\/17\/presidente-maduro-destaca-el-emprendimiento-como-un-motor-economico-forjado-en-la-adversidad\/","title":{"rendered":"Presidente Maduro destaca el emprendimiento como un motor econ\u00f3mico forjado en la adversidad"},"content":{"rendered":"\n<p><strong>Urbanismo Oscar L\u00f3pez, Caracas.-<\/strong> El presidente de la Rep\u00fablica Bolivariana de Venezuela, Nicol\u00e1s Maduro, exalt\u00f3 este viernes que el emprendimiento se ha consolidado en el pa\u00eds como un motor econ\u00f3mico, que surgi\u00f3 en respuesta a la adversidad vivida tras la pandemia por Covid-19 y que se vincula con las estrategias que el pueblo ha requerido para hacer frente a las consecuencias de las medidas coercitivas unilaterales (MCU).<\/p>\n\n\n\n<p>Durante la inauguraci\u00f3n de la Ciudad del Emprendimiento del Urbanismo \u00abOscar L\u00f3pez Rivera\u00bb, un espacio dedicado a la econom\u00eda productiva y social, ubicada en el Paseo Vargas de la Avenida Bol\u00edvar de Caracas, el Mandatario nacional interactu\u00f3 con emprendedores y enfatiz\u00f3 el valor y la g\u00e9nesis de este sector en el pa\u00eds.<\/p>\n\n\n\n<p>Al reflexionar sobre la capacidad de resiliencia del venezolano, se\u00f1al\u00f3: \u00abNosotros, en Venezuela, nos inventamos una&#8230; y nos ha ido bien, y cada vez nos va a ir mejor con el emprendimiento familiar, comunitario, la econom\u00eda comunal\u00bb.<\/p>\n\n\n\n<p>El Jefe de Estado record\u00f3 el caso de la producci\u00f3n textil navide\u00f1a que surgi\u00f3 en diciembre del a\u00f1o 2020: \u00abSurgieron emprendimientos textiles. \u00bfTe acuerdas? Hicieron las pijamas navide\u00f1as y, como todos est\u00e1bamos en la casa, la gente empez\u00f3 a ponerse pijamas por familia y se tomaban fotos. \u00bfTe acuerdas? Ah, yo me acuerdo, yo tengo memoria\u00bb.<\/p>\n\n\n\n<p>Alfonso Mercado, un emprendedor oriundo de oriente, quien agradeci\u00f3 el apoyo del Gobierno Nacional, tuvo la oportunidad de intercambiar palabras con el Mandatario nacional: \u00abAgradecido con usted, Presidente, por darnos la vivienda digna y primordialmente el local. Hacemos vida aqu\u00ed mismo, aqu\u00ed mismo trabajamos, aqu\u00ed est\u00e1 la comunidad que nos apoya 100%, estamos unidos\u00bb.<\/p>\n\n\n\n<p>Ante ello, el jefe de Estado ratific\u00f3 el compromiso de su gesti\u00f3n con este sector: \u00abYo desde hace mucho tiempo ven\u00eda insistiendo de que los locales de la Gran Misi\u00f3n Vivienda Venezuela, que quedaron tan bellos y son tantos, se le entregaran a la comunidad para emprendimientos y vamos paso a paso logr\u00e1ndolo\u00bb.<\/p>\n\n\n\n<p>Con la inauguraci\u00f3n de esta Ciudad, el Gobierno Bolivariano busca fortalecer la base productiva y la econom\u00eda comunal, facilitando espacios dignos y seguros para el desarrollo de los emprendedores venezolanos.<\/p>\n\n\n\n<p><strong>Prensa Presidencial \/ Iliana Rosales<\/strong><\/p>\n","protected":false},"excerpt":{"rendered":"<p>Urbanismo Oscar L\u00f3pez, Caracas.- El presidente de la Rep\u00fablica Bolivariana de Venezuela, Nicol\u00e1s Maduro, exalt\u00f3 este viernes que el emprendimiento se ha consolidado en el pa\u00eds como un motor econ\u00f3mico, que surgi\u00f3 en respuesta a la adversidad vivida tras la pandemia por Covid-19 y que se vincula con las estrategias que el pueblo ha requerido [&hellip;]<\/p>\n","protected":false},"author":1,"featured_media":24658,"comment_status":"open","ping_status":"open","sticky":false,"template":"","format":"standard","meta":{"footnotes":""},"categories":[18,7],"tags":[],"class_list":["post-24657","post","type-post","status-publish","format-standard","has-post-thumbnail","hentry","category-noticias-principales","category-notas-de-prensa"],"_links":{"self":[{"href":"https:\/\/prensapresidencialvenezuela.gob.ve\/index.php\/wp-json\/wp\/v2\/posts\/24657","targetHints":{"allow":["GET"]}}],"collection":[{"href":"https:\/\/prensapresidencialvenezuela.gob.ve\/index.php\/wp-json\/wp\/v2\/posts"}],"about":[{"href":"https:\/\/prensapresidencialvenezuela.gob.ve\/index.php\/wp-json\/wp\/v2\/types\/post"}],"author":[{"embeddable":true,"href":"https:\/\/prensapresidencialvenezuela.gob.ve\/index.php\/wp-json\/wp\/v2\/users\/1"}],"replies":[{"embeddable":true,"href":"https:\/\/prensapresidencialvenezuela.gob.ve\/index.php\/wp-json\/wp\/v2\/comments?post=24657"}],"version-history":[{"count":1,"href":"https:\/\/prensapresidencialvenezuela.gob.ve\/index.php\/wp-json\/wp\/v2\/posts\/24657\/revisions"}],"predecessor-version":[{"id":24659,"href":"https:\/\/prensapresidencialvenezuela.gob.ve\/index.php\/wp-json\/wp\/v2\/posts\/24657\/revisions\/24659"}],"wp:featuredmedia":[{"embeddable":true,"href":"https:\/\/prensapresidencialvenezuela.gob.ve\/index.php\/wp-json\/wp\/v2\/media\/24658"}],"wp:attachment":[{"href":"https:\/\/prensapresidencialvenezuela.gob.ve\/index.php\/wp-json\/wp\/v2\/media?parent=24657"}],"wp:term":[{"taxonomy":"category","embeddable":true,"href":"https:\/\/prensapresidencialvenezuela.gob.ve\/index.php\/wp-json\/wp\/v2\/categories?post=24657"},{"taxonomy":"post_tag","embeddable":true,"href":"https:\/\/prensapresidencialvenezuela.gob.ve\/index.php\/wp-json\/wp\/v2\/tags?post=24657"}],"curies":[{"name":"wp","href":"https:\/\/api.w.org\/{rel}","templated":true}]}}