{"id":2466,"date":"2022-06-16T17:21:00","date_gmt":"2022-06-16T17:21:00","guid":{"rendered":"http:\/\/172.27.0.121\/?p=2466"},"modified":"2022-07-13T17:24:00","modified_gmt":"2022-07-13T17:24:00","slug":"presidente-nicolas-maduro-inicia-visita-de-trabajo-en-azerbaiyan","status":"publish","type":"post","link":"https:\/\/prensapresidencialvenezuela.gob.ve\/index.php\/2022\/06\/16\/presidente-nicolas-maduro-inicia-visita-de-trabajo-en-azerbaiyan\/","title":{"rendered":"Presidente Nicol\u00e1s Maduro inicia visita de trabajo en Azerbaiy\u00e1n"},"content":{"rendered":"\n<p><strong>Bak\u00fa, Azerbaiy\u00e1n. \u2013 <\/strong>El presidente de la Rep\u00fablica, Nicol\u00e1s Maduro, aterriza este viernes en el Aeropuerto Internacional Heydar Aliyev, ubicado en la ciudad de Bak\u00fa, a prop\u00f3sito de la gira euroasi\u00e1tica destinada a consolidar la uni\u00f3n entre pueblos hermanos.<\/p>\n\n\n\n<p>A su llegada es recibido por el viceministro de Relaciones Exteriores de Azerbaiy\u00e1n,&nbsp;Elnur Israfil oglu Mammadov, y el embajador de la Rep\u00fablica Bolivariana de Venezuela en la Rep\u00fablica de Azerbaiy\u00e1n, Christopher Mart\u00ednez.<\/p>\n\n\n\n<p>Es la segunda ocasi\u00f3n en la que asiste a la Rep\u00fablica de Azerbaiy\u00e1n, luego de su primera visita de Estado ocurrida el 21 de octubre de 2016, donde abord\u00f3 con su par euroasi\u00e1tico, Ilham Aliyev, la necesidad de estabilizar el mercado petrolero; y su asistencia a la XVIII Cumbre del Movimiento de Pa\u00edses No Alineados (MNOAL) que se desarroll\u00f3 el 25 de octubre de 2019.<\/p>\n\n\n\n<p>Azerbaiy\u00e1n es el sexto destino de la gira por Eurasia y el Norte de \u00c1frica que emprende el Presidente Nicol\u00e1s Maduro, quien cumpli\u00f3 una agenda de trabajo en la Rep\u00fablica de T\u00fcrkiye; en la Rep\u00fablica Argelina Democr\u00e1tica y Popular; y en la Rep\u00fablica Isl\u00e1mica de Ir\u00e1n enfocada en las \u00e1reas de ciencia y tecnolog\u00eda, agricultura, transporte, energ\u00eda, turismo y cultura.<\/p>\n\n\n\n<p><strong>Prensa Presidencial\/Karelis Gonz\u00e1lez<\/strong><\/p>\n\n\n\n<p><a rel=\"noreferrer noopener\" href=\"http:\/\/www.minci.gob.ve\/presidente-nicolas-maduro-inicia-visita-de-trabajo-en-azerbaiyan\/#\" target=\"_blank\"><\/a><\/p>\n\n\n\n<p><a rel=\"noreferrer noopener\" href=\"https:\/\/plus.google.com\/share?url=http:\/\/www.minci.gob.ve\/presidente-nicolas-maduro-inicia-visita-de-trabajo-en-azerbaiyan\/\" target=\"_blank\"><\/a><\/p>\n\n\n\n<p><a href=\"whatsapp:\/\/send?text=Presidente%20Nicol\u00e1s%20Maduro%20inicia%20visita%20de%20trabajo%20en%20Azerbaiy\u00e1n%20http%3A%2F%2Fwww.minci.gob.ve%2F%3Fp%3D433283\"><\/a><\/p>\n\n\n\n<p><a rel=\"noreferrer noopener\" href=\"\/\/msg?text=Presidente%20Nicol\u00e1s%20Maduro%20inicia%20visita%20de%20trabajo%20en%20Azerbaiy\u00e1n%20http%3A%2F%2Fwww.minci.gob.ve%2F%3Fp%3D433283\" target=\"_blank\"><\/a><\/p>\n\n\n\n<p><a rel=\"noreferrer noopener\" href=\"sms:&amp;body=Presidente%20Nicol\u00e1s%20Maduro%20inicia%20visita%20de%20trabajo%20en%20Azerbaiy\u00e1n%20http%3A%2F%2Fwww.minci.gob.ve%2F%3Fp%3D433283\" target=\"_blank\"><\/a><\/p>\n\n\n\n<p><a rel=\"noreferrer noopener\" href=\"http:\/\/compose.mail.yahoo.com\/?body=http:\/\/www.minci.gob.ve\/presidente-nicolas-maduro-inicia-visita-de-trabajo-en-azerbaiyan\/\" target=\"_blank\"><\/a><\/p>\n\n\n\n<p><a rel=\"noreferrer noopener\" href=\"https:\/\/mail.google.com\/mail\/u\/0\/?view=cm&amp;fs=1&amp;su=Presidente+Nicol%C3%A1s+Maduro+inicia+visita+de+trabajo+en+Azerbaiy%C3%A1n&amp;body=http:\/\/www.minci.gob.ve\/presidente-nicolas-maduro-inicia-visita-de-trabajo-en-azerbaiyan\/&amp;ui=2&amp;tf=1\" target=\"_blank\"><\/a><\/p>\n","protected":false},"excerpt":{"rendered":"<p>Bak\u00fa, Azerbaiy\u00e1n. \u2013 El presidente de la Rep\u00fablica, Nicol\u00e1s Maduro, aterriza este viernes en el Aeropuerto Internacional Heydar Aliyev, ubicado en la ciudad de Bak\u00fa, a prop\u00f3sito de la gira euroasi\u00e1tica destinada a consolidar la uni\u00f3n entre pueblos hermanos. A su llegada es recibido por el viceministro de Relaciones Exteriores de Azerbaiy\u00e1n,&nbsp;Elnur Israfil oglu Mammadov, [&hellip;]<\/p>\n","protected":false},"author":6,"featured_media":2467,"comment_status":"open","ping_status":"open","sticky":false,"template":"","format":"standard","meta":{"footnotes":""},"categories":[7],"tags":[],"class_list":["post-2466","post","type-post","status-publish","format-standard","has-post-thumbnail","hentry","category-notas-de-prensa"],"_links":{"self":[{"href":"https:\/\/prensapresidencialvenezuela.gob.ve\/index.php\/wp-json\/wp\/v2\/posts\/2466","targetHints":{"allow":["GET"]}}],"collection":[{"href":"https:\/\/prensapresidencialvenezuela.gob.ve\/index.php\/wp-json\/wp\/v2\/posts"}],"about":[{"href":"https:\/\/prensapresidencialvenezuela.gob.ve\/index.php\/wp-json\/wp\/v2\/types\/post"}],"author":[{"embeddable":true,"href":"https:\/\/prensapresidencialvenezuela.gob.ve\/index.php\/wp-json\/wp\/v2\/users\/6"}],"replies":[{"embeddable":true,"href":"https:\/\/prensapresidencialvenezuela.gob.ve\/index.php\/wp-json\/wp\/v2\/comments?post=2466"}],"version-history":[{"count":1,"href":"https:\/\/prensapresidencialvenezuela.gob.ve\/index.php\/wp-json\/wp\/v2\/posts\/2466\/revisions"}],"predecessor-version":[{"id":2468,"href":"https:\/\/prensapresidencialvenezuela.gob.ve\/index.php\/wp-json\/wp\/v2\/posts\/2466\/revisions\/2468"}],"wp:featuredmedia":[{"embeddable":true,"href":"https:\/\/prensapresidencialvenezuela.gob.ve\/index.php\/wp-json\/wp\/v2\/media\/2467"}],"wp:attachment":[{"href":"https:\/\/prensapresidencialvenezuela.gob.ve\/index.php\/wp-json\/wp\/v2\/media?parent=2466"}],"wp:term":[{"taxonomy":"category","embeddable":true,"href":"https:\/\/prensapresidencialvenezuela.gob.ve\/index.php\/wp-json\/wp\/v2\/categories?post=2466"},{"taxonomy":"post_tag","embeddable":true,"href":"https:\/\/prensapresidencialvenezuela.gob.ve\/index.php\/wp-json\/wp\/v2\/tags?post=2466"}],"curies":[{"name":"wp","href":"https:\/\/api.w.org\/{rel}","templated":true}]}}