{"id":24663,"date":"2025-10-17T17:36:33","date_gmt":"2025-10-17T21:36:33","guid":{"rendered":"https:\/\/prensapresidencialvenezuela.gob.ve\/?p=24663"},"modified":"2025-10-17T17:36:33","modified_gmt":"2025-10-17T21:36:33","slug":"ciudad-del-emprendimiento-un-modelo-comunitario-integral","status":"publish","type":"post","link":"https:\/\/prensapresidencialvenezuela.gob.ve\/index.php\/2025\/10\/17\/ciudad-del-emprendimiento-un-modelo-comunitario-integral\/","title":{"rendered":"Ciudad del Emprendimiento: Un modelo Comunitario Integral"},"content":{"rendered":"\n<p><strong>Caracas, Venezuela.-<\/strong> En un esfuerzo por consolidar el <strong>Motor Emprendimiento<\/strong> como pilar de la nueva econom\u00eda venezolana, el Gobierno Bolivariano inaugur\u00f3 la Ciudad del Emprendimiento en el Urbanismo Oscar L\u00f3pez Rivera de Caracas. La iniciativa, que busca incentivar la econom\u00eda circular comunal, fue presidida por el presidente de la Rep\u00fablica, Nicol\u00e1s Maduro Moros, y cont\u00f3 con la participaci\u00f3n de la vicepresidenta ejecutiva, Delcy Rodr\u00edguez.<\/p>\n\n\n\n<p>El enfoque de esta nueva infraestructura reside en la integralidad de los servicios y oportunidades que ofrece a la poblaci\u00f3n. As\u00ed lo resalt\u00f3 la vicepresidenta ejecutiva durante el acto: \u00abEsta es la Ciudad del Emprendimiento, no hay que moverse de la comunidad, porque todo est\u00e1 al alcance de la comunidad, incluidos los m\u00e1s peque\u00f1os, que tienen cancha, parques, tareas dirigidas, apoyo pedag\u00f3gico. Esto es lo m\u00e1s completo\u00bb. Con esta declaraci\u00f3n, Rodr\u00edguez destac\u00f3 el dise\u00f1o del proyecto, que va m\u00e1s all\u00e1 de lo comercial, integrando bienestar y desarrollo social, dentro del mismo espacio comunal.<\/p>\n\n\n\n<figure class=\"wp-block-image size-large\"><img fetchpriority=\"high\" decoding=\"async\" width=\"834\" height=\"1024\" src=\"https:\/\/prensapresidencialvenezuela.gob.ve\/wp-content\/uploads\/2025\/10\/photo_5157100604386642800_y-834x1024.jpg\" alt=\"\" class=\"wp-image-24668\" srcset=\"https:\/\/prensapresidencialvenezuela.gob.ve\/wp-content\/uploads\/2025\/10\/photo_5157100604386642800_y-834x1024.jpg 834w, https:\/\/prensapresidencialvenezuela.gob.ve\/wp-content\/uploads\/2025\/10\/photo_5157100604386642800_y-244x300.jpg 244w, https:\/\/prensapresidencialvenezuela.gob.ve\/wp-content\/uploads\/2025\/10\/photo_5157100604386642800_y-768x943.jpg 768w, https:\/\/prensapresidencialvenezuela.gob.ve\/wp-content\/uploads\/2025\/10\/photo_5157100604386642800_y.jpg 1043w\" sizes=\"(max-width: 834px) 100vw, 834px\" \/><\/figure>\n\n\n\n<p><strong>Apuesta por la Econom\u00eda Circular Comunal<\/strong><\/p>\n\n\n\n<p>La vicepresidenta Rodr\u00edguez y el Jefe de Estado recorrieron los diversos locales comerciales, que ya operan bajo este nuevo modelo de econom\u00eda real en las comunidades.<\/p>\n\n\n\n<p>Desde all\u00ed, el presidente Nicol\u00e1s Maduro ofreci\u00f3 un balance de la jornada, enfatizando la visi\u00f3n estrat\u00e9gica detr\u00e1s del proyecto y el potencial de crecimiento econ\u00f3mico: \u00abEsta jornada de trabajo en la Ciudad de Emprendimiento, con la actividad de la econom\u00eda circular comunal, es una econom\u00eda que surgi\u00f3. Hay que fortalecer todos los procesos productivos para que todos estos productos sean de fabricaci\u00f3n nacional, hay que garantizarlo\u00bb.<\/p>\n\n\n\n<p>El Mandatario hizo un llamado directo a los actores econ\u00f3micos del pa\u00eds, grandes y peque\u00f1os, a apostar por la producci\u00f3n local como motor de crecimiento. \u00abSi los comerciantes del pa\u00eds, peque\u00f1os, medianos, grandes, se empe\u00f1an en vender productos 100% nacional, esta econom\u00eda se dispara a la luna\u00bb, afirm\u00f3 el presidente Maduro, subrayando que la Ciudad del Emprendimiento es un paso firme hacia la soberan\u00eda productiva y el fortalecimiento del \u00abHecho en Venezuela<em>\u00bb<\/em>.<\/p>\n\n\n\n<p><strong>Prensa Presidencial\/ Luis Tavera<\/strong><\/p>\n","protected":false},"excerpt":{"rendered":"<p>Caracas, Venezuela.- En un esfuerzo por consolidar el Motor Emprendimiento como pilar de la nueva econom\u00eda venezolana, el Gobierno Bolivariano inaugur\u00f3 la Ciudad del Emprendimiento en el Urbanismo Oscar L\u00f3pez Rivera de Caracas. La iniciativa, que busca incentivar la econom\u00eda circular comunal, fue presidida por el presidente de la Rep\u00fablica, Nicol\u00e1s Maduro Moros, y cont\u00f3 [&hellip;]<\/p>\n","protected":false},"author":1,"featured_media":24664,"comment_status":"open","ping_status":"open","sticky":false,"template":"","format":"standard","meta":{"footnotes":""},"categories":[18,7],"tags":[],"class_list":["post-24663","post","type-post","status-publish","format-standard","has-post-thumbnail","hentry","category-noticias-principales","category-notas-de-prensa"],"_links":{"self":[{"href":"https:\/\/prensapresidencialvenezuela.gob.ve\/index.php\/wp-json\/wp\/v2\/posts\/24663","targetHints":{"allow":["GET"]}}],"collection":[{"href":"https:\/\/prensapresidencialvenezuela.gob.ve\/index.php\/wp-json\/wp\/v2\/posts"}],"about":[{"href":"https:\/\/prensapresidencialvenezuela.gob.ve\/index.php\/wp-json\/wp\/v2\/types\/post"}],"author":[{"embeddable":true,"href":"https:\/\/prensapresidencialvenezuela.gob.ve\/index.php\/wp-json\/wp\/v2\/users\/1"}],"replies":[{"embeddable":true,"href":"https:\/\/prensapresidencialvenezuela.gob.ve\/index.php\/wp-json\/wp\/v2\/comments?post=24663"}],"version-history":[{"count":1,"href":"https:\/\/prensapresidencialvenezuela.gob.ve\/index.php\/wp-json\/wp\/v2\/posts\/24663\/revisions"}],"predecessor-version":[{"id":24669,"href":"https:\/\/prensapresidencialvenezuela.gob.ve\/index.php\/wp-json\/wp\/v2\/posts\/24663\/revisions\/24669"}],"wp:featuredmedia":[{"embeddable":true,"href":"https:\/\/prensapresidencialvenezuela.gob.ve\/index.php\/wp-json\/wp\/v2\/media\/24664"}],"wp:attachment":[{"href":"https:\/\/prensapresidencialvenezuela.gob.ve\/index.php\/wp-json\/wp\/v2\/media?parent=24663"}],"wp:term":[{"taxonomy":"category","embeddable":true,"href":"https:\/\/prensapresidencialvenezuela.gob.ve\/index.php\/wp-json\/wp\/v2\/categories?post=24663"},{"taxonomy":"post_tag","embeddable":true,"href":"https:\/\/prensapresidencialvenezuela.gob.ve\/index.php\/wp-json\/wp\/v2\/tags?post=24663"}],"curies":[{"name":"wp","href":"https:\/\/api.w.org\/{rel}","templated":true}]}}