{"id":24670,"date":"2025-10-17T18:02:18","date_gmt":"2025-10-17T22:02:18","guid":{"rendered":"https:\/\/prensapresidencialvenezuela.gob.ve\/?p=24670"},"modified":"2025-10-17T18:02:19","modified_gmt":"2025-10-17T22:02:19","slug":"el-urbanismo-santa-rosa-de-caracas-suma-23-emprendimientos-con-apoyo-de-la-banca-publica","status":"publish","type":"post","link":"https:\/\/prensapresidencialvenezuela.gob.ve\/index.php\/2025\/10\/17\/el-urbanismo-santa-rosa-de-caracas-suma-23-emprendimientos-con-apoyo-de-la-banca-publica\/","title":{"rendered":"El Urbanismo Santa Rosa de Caracas suma 23 emprendimientos con apoyo de la banca p\u00fablica"},"content":{"rendered":"\n<p><strong>Urbanismo Santa Rosa, Caracas.\u2013<\/strong> El Jefe de Gobierno de Caracas, Nahum Fern\u00e1ndez, en un pase satelital con el presidente Nicol\u00e1s Maduro, destac\u00f3 el avance de la econom\u00eda popular de 23 emprendimientos en el Urbanismo Santa Rosa, ubicado en la Avenida Libertador de Caracas, que conforman la Ciudad del Emprendimiento de dicha zona territorial.<\/p>\n\n\n\n<p>La transmisi\u00f3n se realiz\u00f3 en el marco de la inauguraci\u00f3n de la Ciudad del Emprendimiento del \u00abUrbanismo Oscar L\u00f3pez Rivera\u00bb, donde Fern\u00e1ndez destac\u00f3 el apoyo a la econom\u00eda popular como un eje central de las pol\u00edticas bolivarianas.<\/p>\n\n\n\n<p>\u00abEstamos muy alegres hoy, porque estamos precisamente en el \u00e1mbito de nuestra econom\u00eda popular, en el territorio, con nuestros emprendedores, con los emprendimientos,\u00bb expres\u00f3 Fern\u00e1ndez.<\/p>\n\n\n\n<p>Durante el contacto, la Presidenta del Fondo Nacional para los Emprendimientos y Viceministra de Desarrollo Productivo de la Mujer, Maryuri Bargiela \u00c1lvarez, resalt\u00f3 el papel fundamental de las mujeres en el impulso de los proyectos productivos.<\/p>\n\n\n\n<p>Asimismo, dio a conocer que los 23 proyectos contaron adem\u00e1s con el respaldo crediticio del Banco de Venezuela, por un monto total de USD 22.511, para satisfacer las necesidades de la comunidad, incluyendo bodegas, servicios de peluquer\u00eda, autolavado de motos y carpinter\u00eda.<\/p>\n\n\n\n<p>Por su parte, Nayeli Espinosa, vocera comunal del urbanismo, agradeci\u00f3 al presidente Maduro por las pol\u00edticas que han permitido el crecimiento de la comunidad a trav\u00e9s de la banca p\u00fablica.<\/p>\n\n\n\n<p>Esta iniciativa en el Urbanismo Santa Rosa forma parte de un Plan de atenci\u00f3n crediticia de la Banca P\u00fablica dirigido a urbanismos constituidos bajo la figura de consejos comunales, con el objetivo de impulsar financieramente las econom\u00edas locales organizadas.<\/p>\n\n\n\n<p><strong>Prensa Presidencial \/ Iliana Rosales<\/strong><\/p>\n","protected":false},"excerpt":{"rendered":"<p>Urbanismo Santa Rosa, Caracas.\u2013 El Jefe de Gobierno de Caracas, Nahum Fern\u00e1ndez, en un pase satelital con el presidente Nicol\u00e1s Maduro, destac\u00f3 el avance de la econom\u00eda popular de 23 emprendimientos en el Urbanismo Santa Rosa, ubicado en la Avenida Libertador de Caracas, que conforman la Ciudad del Emprendimiento de dicha zona territorial. La transmisi\u00f3n [&hellip;]<\/p>\n","protected":false},"author":1,"featured_media":24671,"comment_status":"open","ping_status":"open","sticky":false,"template":"","format":"standard","meta":{"footnotes":""},"categories":[18,7],"tags":[],"class_list":["post-24670","post","type-post","status-publish","format-standard","has-post-thumbnail","hentry","category-noticias-principales","category-notas-de-prensa"],"_links":{"self":[{"href":"https:\/\/prensapresidencialvenezuela.gob.ve\/index.php\/wp-json\/wp\/v2\/posts\/24670","targetHints":{"allow":["GET"]}}],"collection":[{"href":"https:\/\/prensapresidencialvenezuela.gob.ve\/index.php\/wp-json\/wp\/v2\/posts"}],"about":[{"href":"https:\/\/prensapresidencialvenezuela.gob.ve\/index.php\/wp-json\/wp\/v2\/types\/post"}],"author":[{"embeddable":true,"href":"https:\/\/prensapresidencialvenezuela.gob.ve\/index.php\/wp-json\/wp\/v2\/users\/1"}],"replies":[{"embeddable":true,"href":"https:\/\/prensapresidencialvenezuela.gob.ve\/index.php\/wp-json\/wp\/v2\/comments?post=24670"}],"version-history":[{"count":1,"href":"https:\/\/prensapresidencialvenezuela.gob.ve\/index.php\/wp-json\/wp\/v2\/posts\/24670\/revisions"}],"predecessor-version":[{"id":24672,"href":"https:\/\/prensapresidencialvenezuela.gob.ve\/index.php\/wp-json\/wp\/v2\/posts\/24670\/revisions\/24672"}],"wp:featuredmedia":[{"embeddable":true,"href":"https:\/\/prensapresidencialvenezuela.gob.ve\/index.php\/wp-json\/wp\/v2\/media\/24671"}],"wp:attachment":[{"href":"https:\/\/prensapresidencialvenezuela.gob.ve\/index.php\/wp-json\/wp\/v2\/media?parent=24670"}],"wp:term":[{"taxonomy":"category","embeddable":true,"href":"https:\/\/prensapresidencialvenezuela.gob.ve\/index.php\/wp-json\/wp\/v2\/categories?post=24670"},{"taxonomy":"post_tag","embeddable":true,"href":"https:\/\/prensapresidencialvenezuela.gob.ve\/index.php\/wp-json\/wp\/v2\/tags?post=24670"}],"curies":[{"name":"wp","href":"https:\/\/api.w.org\/{rel}","templated":true}]}}