{"id":24673,"date":"2025-10-17T18:03:50","date_gmt":"2025-10-17T22:03:50","guid":{"rendered":"https:\/\/prensapresidencialvenezuela.gob.ve\/?p=24673"},"modified":"2025-10-17T18:03:50","modified_gmt":"2025-10-17T22:03:50","slug":"aragua-inaugurada-empresa-textil-financiada-y-gestionada-por-la-juventud","status":"publish","type":"post","link":"https:\/\/prensapresidencialvenezuela.gob.ve\/index.php\/2025\/10\/17\/aragua-inaugurada-empresa-textil-financiada-y-gestionada-por-la-juventud\/","title":{"rendered":"Aragua: Inaugurada empresa textil financiada y gestionada por la juventud"},"content":{"rendered":"\n<p><strong>Caracas, Venezuela. &#8211;<\/strong> El presidente de la Rep\u00fablica Bolivariana de Venezuela, Nicol\u00e1s Maduro, enfatiz\u00f3 la fuerza de la democracia comunal y el liderazgo juvenil, al celebrar la inauguraci\u00f3n de una Empresa de Producci\u00f3n Social Textil en el estado Aragua, un proyecto nacido y financiado directamente por la base popular.<\/p>\n\n\n\n<p>Mediante un pase televisivo con la gobernadora de Aragua, Johana S\u00e1nchez, el Jefe de Estado conoci\u00f3 los detalles de la nueva unidad productiva, instalada en la Comuna El Indio Sorocaima, en el Municipio Mari\u00f1o.<\/p>\n\n\n\n<p><strong>El Triunfo de la Consulta Popular<\/strong><\/p>\n\n\n\n<p>El presidente Maduro destac\u00f3 que este emprendimiento es una muestra del \u00e9xito del nuevo modelo de gesti\u00f3n comunal, donde las decisiones estrat\u00e9gicas se toman desde la base:<\/p>\n\n\n\n<p>\u00abEste es el emprendimiento que triunf\u00f3 en las consultas nacionales del 27 de julio pasado, donde se eligieron los proyectos&#8230; Este proyecto textil es un proyecto de la juventud, para la juventud. \u00bfQui\u00e9n la aprob\u00f3? Ustedes, la juventud. \u00a1M\u00e1s democracia que esa no hay!\u00bb.<\/p>\n\n\n\n<p>El Mandatario subray\u00f3 que el financiamiento y la puesta en marcha de la empresa se concretaron gracias al nuevo sistema de gobierno popular, empoderando a la juventud como ejecutora de la econom\u00eda real.<\/p>\n\n\n\n<p><strong>Liderazgo Juvenil en Aragua<\/strong><\/p>\n\n\n\n<p>Por su parte, la gobernadora Johana S\u00e1nchez, al mostrar las \u00e1reas de planchado y sublimaci\u00f3n de la empresa, resalt\u00f3 la participaci\u00f3n de las nuevas generaciones en el Motor Productivo Textil:<\/p>\n\n\n\n<p>\u00abEstamos mostrando lo que est\u00e1n haciendo los chamos ac\u00e1 en la primera fase&#8230; Estamos muy contentos de que la juventud est\u00e9 inmersa en el plan textil en el estado Aragua y en cada uno de los proyectos que se han venido desarrollando en esta \u00e1rea de motor productivo\u00bb.<\/p>\n\n\n\n<p>La nueva Empresa de Producci\u00f3n Social Directa est\u00e1 dedicada a la confecci\u00f3n de prendas de vestir y representa un modelo de econom\u00eda real circular, que articula las necesidades comunitarias con la capacidad productiva de la juventud venezolana.<\/p>\n\n\n\n<p><strong>Prensa Presidencial\/ Luis Tavera<\/strong><\/p>\n\n\n\n<p><\/p>\n","protected":false},"excerpt":{"rendered":"<p>Caracas, Venezuela. &#8211; El presidente de la Rep\u00fablica Bolivariana de Venezuela, Nicol\u00e1s Maduro, enfatiz\u00f3 la fuerza de la democracia comunal y el liderazgo juvenil, al celebrar la inauguraci\u00f3n de una Empresa de Producci\u00f3n Social Textil en el estado Aragua, un proyecto nacido y financiado directamente por la base popular. Mediante un pase televisivo con la [&hellip;]<\/p>\n","protected":false},"author":1,"featured_media":24674,"comment_status":"open","ping_status":"open","sticky":false,"template":"","format":"standard","meta":{"footnotes":""},"categories":[18,7],"tags":[],"class_list":["post-24673","post","type-post","status-publish","format-standard","has-post-thumbnail","hentry","category-noticias-principales","category-notas-de-prensa"],"_links":{"self":[{"href":"https:\/\/prensapresidencialvenezuela.gob.ve\/index.php\/wp-json\/wp\/v2\/posts\/24673","targetHints":{"allow":["GET"]}}],"collection":[{"href":"https:\/\/prensapresidencialvenezuela.gob.ve\/index.php\/wp-json\/wp\/v2\/posts"}],"about":[{"href":"https:\/\/prensapresidencialvenezuela.gob.ve\/index.php\/wp-json\/wp\/v2\/types\/post"}],"author":[{"embeddable":true,"href":"https:\/\/prensapresidencialvenezuela.gob.ve\/index.php\/wp-json\/wp\/v2\/users\/1"}],"replies":[{"embeddable":true,"href":"https:\/\/prensapresidencialvenezuela.gob.ve\/index.php\/wp-json\/wp\/v2\/comments?post=24673"}],"version-history":[{"count":1,"href":"https:\/\/prensapresidencialvenezuela.gob.ve\/index.php\/wp-json\/wp\/v2\/posts\/24673\/revisions"}],"predecessor-version":[{"id":24675,"href":"https:\/\/prensapresidencialvenezuela.gob.ve\/index.php\/wp-json\/wp\/v2\/posts\/24673\/revisions\/24675"}],"wp:featuredmedia":[{"embeddable":true,"href":"https:\/\/prensapresidencialvenezuela.gob.ve\/index.php\/wp-json\/wp\/v2\/media\/24674"}],"wp:attachment":[{"href":"https:\/\/prensapresidencialvenezuela.gob.ve\/index.php\/wp-json\/wp\/v2\/media?parent=24673"}],"wp:term":[{"taxonomy":"category","embeddable":true,"href":"https:\/\/prensapresidencialvenezuela.gob.ve\/index.php\/wp-json\/wp\/v2\/categories?post=24673"},{"taxonomy":"post_tag","embeddable":true,"href":"https:\/\/prensapresidencialvenezuela.gob.ve\/index.php\/wp-json\/wp\/v2\/tags?post=24673"}],"curies":[{"name":"wp","href":"https:\/\/api.w.org\/{rel}","templated":true}]}}