{"id":24676,"date":"2025-10-17T18:13:32","date_gmt":"2025-10-17T22:13:32","guid":{"rendered":"https:\/\/prensapresidencialvenezuela.gob.ve\/?p=24676"},"modified":"2025-10-17T18:40:16","modified_gmt":"2025-10-17T22:40:16","slug":"decretado-jubilo-nacional-por-la-canonizacion-de-jose-gregorio-hernandez-y-la-madre-carmen-rendiles","status":"publish","type":"post","link":"https:\/\/prensapresidencialvenezuela.gob.ve\/index.php\/2025\/10\/17\/decretado-jubilo-nacional-por-la-canonizacion-de-jose-gregorio-hernandez-y-la-madre-carmen-rendiles\/","title":{"rendered":"Decretado J\u00fabilo Nacional por la Canonizaci\u00f3n de Jos\u00e9 Gregorio Hern\u00e1ndez y la Madre Carmen Rendiles"},"content":{"rendered":"\n<p><strong>Caracas, Venezuela.<\/strong> &#8211; El presidente de la Rep\u00fablica, Nicol\u00e1s Maduro, anunci\u00f3 la declaratoria de D\u00eda de J\u00fabilo Nacional para celebrar la hist\u00f3rica canonizaci\u00f3n del doctor Jos\u00e9 Gregorio Hern\u00e1ndez y la Madre Carmen Rendiles.<\/p>\n\n\n\n<p>El Mandatario firm\u00f3 el decreto que establece el domingo 19 de octubre (d\u00eda de la canonizaci\u00f3n) y el lunes 20 de octubre, como d\u00edas no laborables para que \u00abtodo el pueblo en una sola oraci\u00f3n salga a celebrar este hecho hist\u00f3rico\u00bb.<\/p>\n\n\n\n<p>El Jefe de Estado destac\u00f3 la trascendencia del evento, que ocurre despu\u00e9s de 77 a\u00f1os de devoci\u00f3n popular:<\/p>\n\n\n\n<figure class=\"wp-block-image size-large\"><img fetchpriority=\"high\" decoding=\"async\" width=\"757\" height=\"1024\" src=\"https:\/\/prensapresidencialvenezuela.gob.ve\/wp-content\/uploads\/2025\/10\/photo_5156947703550905174_y-757x1024.jpg\" alt=\"\" class=\"wp-image-24683\" srcset=\"https:\/\/prensapresidencialvenezuela.gob.ve\/wp-content\/uploads\/2025\/10\/photo_5156947703550905174_y-757x1024.jpg 757w, https:\/\/prensapresidencialvenezuela.gob.ve\/wp-content\/uploads\/2025\/10\/photo_5156947703550905174_y-222x300.jpg 222w, https:\/\/prensapresidencialvenezuela.gob.ve\/wp-content\/uploads\/2025\/10\/photo_5156947703550905174_y-768x1039.jpg 768w, https:\/\/prensapresidencialvenezuela.gob.ve\/wp-content\/uploads\/2025\/10\/photo_5156947703550905174_y.jpg 946w\" sizes=\"(max-width: 757px) 100vw, 757px\" \/><\/figure>\n\n\n\n<p>\u00abEstamos a pocas horas de que se d\u00e9 un hecho hist\u00f3rico, la Canonizaci\u00f3n como santo de nuestra Iglesia Cat\u00f3lica, santo de nuestro pueblo, del doctor Jos\u00e9 Gregorio Hern\u00e1ndez y de la Madre Carmen Rendiles&#8230; Venezuela est\u00e1 movilizada espiritualmente, elevando oraciones por la salud del pueblo, de la familia, por nuestra vida, por la paz\u00bb.<\/p>\n\n\n\n<p>El Presidente finaliz\u00f3 su mensaje enviando un reconocimiento al sumo pont\u00edfice, afirmando: \u00abDigo desde el coraz\u00f3n: gracias papa Francisco. Elevar\u00e9 una oraci\u00f3n por ti cuando le est\u00e9n entregando el t\u00edtulo de santo a Jos\u00e9 Gregorio Hern\u00e1ndez. \u00a1Que viva el pueblo santo de Venezuela!\u00bb.<\/p>\n\n\n\n<p><strong>Prensa Presidencial\/ Luis Tavera<\/strong><\/p>\n","protected":false},"excerpt":{"rendered":"<p>Caracas, Venezuela. &#8211; El presidente de la Rep\u00fablica, Nicol\u00e1s Maduro, anunci\u00f3 la declaratoria de D\u00eda de J\u00fabilo Nacional para celebrar la hist\u00f3rica canonizaci\u00f3n del doctor Jos\u00e9 Gregorio Hern\u00e1ndez y la Madre Carmen Rendiles. El Mandatario firm\u00f3 el decreto que establece el domingo 19 de octubre (d\u00eda de la canonizaci\u00f3n) y el lunes 20 de octubre, [&hellip;]<\/p>\n","protected":false},"author":1,"featured_media":24677,"comment_status":"open","ping_status":"open","sticky":false,"template":"","format":"standard","meta":{"footnotes":""},"categories":[18,7],"tags":[],"class_list":["post-24676","post","type-post","status-publish","format-standard","has-post-thumbnail","hentry","category-noticias-principales","category-notas-de-prensa"],"_links":{"self":[{"href":"https:\/\/prensapresidencialvenezuela.gob.ve\/index.php\/wp-json\/wp\/v2\/posts\/24676","targetHints":{"allow":["GET"]}}],"collection":[{"href":"https:\/\/prensapresidencialvenezuela.gob.ve\/index.php\/wp-json\/wp\/v2\/posts"}],"about":[{"href":"https:\/\/prensapresidencialvenezuela.gob.ve\/index.php\/wp-json\/wp\/v2\/types\/post"}],"author":[{"embeddable":true,"href":"https:\/\/prensapresidencialvenezuela.gob.ve\/index.php\/wp-json\/wp\/v2\/users\/1"}],"replies":[{"embeddable":true,"href":"https:\/\/prensapresidencialvenezuela.gob.ve\/index.php\/wp-json\/wp\/v2\/comments?post=24676"}],"version-history":[{"count":2,"href":"https:\/\/prensapresidencialvenezuela.gob.ve\/index.php\/wp-json\/wp\/v2\/posts\/24676\/revisions"}],"predecessor-version":[{"id":24684,"href":"https:\/\/prensapresidencialvenezuela.gob.ve\/index.php\/wp-json\/wp\/v2\/posts\/24676\/revisions\/24684"}],"wp:featuredmedia":[{"embeddable":true,"href":"https:\/\/prensapresidencialvenezuela.gob.ve\/index.php\/wp-json\/wp\/v2\/media\/24677"}],"wp:attachment":[{"href":"https:\/\/prensapresidencialvenezuela.gob.ve\/index.php\/wp-json\/wp\/v2\/media?parent=24676"}],"wp:term":[{"taxonomy":"category","embeddable":true,"href":"https:\/\/prensapresidencialvenezuela.gob.ve\/index.php\/wp-json\/wp\/v2\/categories?post=24676"},{"taxonomy":"post_tag","embeddable":true,"href":"https:\/\/prensapresidencialvenezuela.gob.ve\/index.php\/wp-json\/wp\/v2\/tags?post=24676"}],"curies":[{"name":"wp","href":"https:\/\/api.w.org\/{rel}","templated":true}]}}