{"id":24679,"date":"2025-10-17T18:39:44","date_gmt":"2025-10-17T22:39:44","guid":{"rendered":"https:\/\/prensapresidencialvenezuela.gob.ve\/?p=24679"},"modified":"2025-10-17T18:39:45","modified_gmt":"2025-10-17T22:39:45","slug":"venezuela-desmiente-versiones-del-miami-herald-sobre-division-y-ratifica-unidad-del-liderazgo-politico","status":"publish","type":"post","link":"https:\/\/prensapresidencialvenezuela.gob.ve\/index.php\/2025\/10\/17\/venezuela-desmiente-versiones-del-miami-herald-sobre-division-y-ratifica-unidad-del-liderazgo-politico\/","title":{"rendered":"Venezuela desmiente versiones del Miami Herald sobre \u00abdivisi\u00f3n\u00bb y ratifica \u00abUnidad\u00bb del liderazgo pol\u00edtico"},"content":{"rendered":"\n<p><strong>Caracas, Venezuela. &#8211;<\/strong> En el contexto de la inauguraci\u00f3n de la <strong>Ciudad del Emprendimiento<\/strong> en el Urbanismo \u00abOscar L\u00f3pez Rivera\u00bb, el presidente de la Rep\u00fablica, <strong>Nicol\u00e1s Maduro<\/strong>, dedic\u00f3 un segmento de su alocuci\u00f3n a responder a las narrativas medi\u00e1ticas que, a su juicio, buscan sembrar la divisi\u00f3n interna en el liderazgo pol\u00edtico venezolano.<\/p>\n\n\n\n<p>El Mandatario se refiri\u00f3 directamente a un reporte generado en Estados Unidos:<\/p>\n\n\n\n<p>\u00abPor eso, ayer trataron de meter desde el Miami Herald, desde Miami, imag\u00ednate t\u00fa, \u201cmis amiguis\u201d de Miami, pretendieron crear una intriga, que est\u00e1bamos divididos, que est\u00e1bamos enfrentados. Mira, eso no lo crey\u00f3 nadie, eso es sencillamente imposible\u00bb.<\/p>\n\n\n\n<p>El Jefe de Estado enfatiz\u00f3 que la unidad del liderazgo no est\u00e1 en discusi\u00f3n, ancl\u00e1ndola en el compromiso hist\u00f3rico con el pa\u00eds:<\/p>\n\n\n\n<p>\u00abEstamos unidos en el amor m\u00e1s grande por nuestra historia, por nuestro pueblo, y por el futuro y la esperanza de Venezuela\u00bb.<\/p>\n\n\n\n<p>Finalmente, el Presidente Maduro utiliz\u00f3 un lenguaje fuerte para desestimar a los promotores de la narrativa de divisi\u00f3n, subrayando que su enfoque sigue siendo el trabajo productivo: \u00abAs\u00ed que les ratifico a mis amiguis de Miami y del Miami Herald, son unos imb\u00e9ciles. Est\u00fapidos, est\u00fapidos, muy est\u00fapidos. Bueno, nosotros lo que queremos es seguir trabajando\u00bb.<\/p>\n\n\n\n<p><strong>Prensa Presidencial\/ Luis Tavera<\/strong><\/p>\n","protected":false},"excerpt":{"rendered":"<p>Caracas, Venezuela. &#8211; En el contexto de la inauguraci\u00f3n de la Ciudad del Emprendimiento en el Urbanismo \u00abOscar L\u00f3pez Rivera\u00bb, el presidente de la Rep\u00fablica, Nicol\u00e1s Maduro, dedic\u00f3 un segmento de su alocuci\u00f3n a responder a las narrativas medi\u00e1ticas que, a su juicio, buscan sembrar la divisi\u00f3n interna en el liderazgo pol\u00edtico venezolano. El Mandatario [&hellip;]<\/p>\n","protected":false},"author":1,"featured_media":24681,"comment_status":"open","ping_status":"open","sticky":false,"template":"","format":"standard","meta":{"footnotes":""},"categories":[18,7],"tags":[],"class_list":["post-24679","post","type-post","status-publish","format-standard","has-post-thumbnail","hentry","category-noticias-principales","category-notas-de-prensa"],"_links":{"self":[{"href":"https:\/\/prensapresidencialvenezuela.gob.ve\/index.php\/wp-json\/wp\/v2\/posts\/24679","targetHints":{"allow":["GET"]}}],"collection":[{"href":"https:\/\/prensapresidencialvenezuela.gob.ve\/index.php\/wp-json\/wp\/v2\/posts"}],"about":[{"href":"https:\/\/prensapresidencialvenezuela.gob.ve\/index.php\/wp-json\/wp\/v2\/types\/post"}],"author":[{"embeddable":true,"href":"https:\/\/prensapresidencialvenezuela.gob.ve\/index.php\/wp-json\/wp\/v2\/users\/1"}],"replies":[{"embeddable":true,"href":"https:\/\/prensapresidencialvenezuela.gob.ve\/index.php\/wp-json\/wp\/v2\/comments?post=24679"}],"version-history":[{"count":1,"href":"https:\/\/prensapresidencialvenezuela.gob.ve\/index.php\/wp-json\/wp\/v2\/posts\/24679\/revisions"}],"predecessor-version":[{"id":24682,"href":"https:\/\/prensapresidencialvenezuela.gob.ve\/index.php\/wp-json\/wp\/v2\/posts\/24679\/revisions\/24682"}],"wp:featuredmedia":[{"embeddable":true,"href":"https:\/\/prensapresidencialvenezuela.gob.ve\/index.php\/wp-json\/wp\/v2\/media\/24681"}],"wp:attachment":[{"href":"https:\/\/prensapresidencialvenezuela.gob.ve\/index.php\/wp-json\/wp\/v2\/media?parent=24679"}],"wp:term":[{"taxonomy":"category","embeddable":true,"href":"https:\/\/prensapresidencialvenezuela.gob.ve\/index.php\/wp-json\/wp\/v2\/categories?post=24679"},{"taxonomy":"post_tag","embeddable":true,"href":"https:\/\/prensapresidencialvenezuela.gob.ve\/index.php\/wp-json\/wp\/v2\/tags?post=24679"}],"curies":[{"name":"wp","href":"https:\/\/api.w.org\/{rel}","templated":true}]}}