{"id":24685,"date":"2025-10-17T18:41:55","date_gmt":"2025-10-17T22:41:55","guid":{"rendered":"https:\/\/prensapresidencialvenezuela.gob.ve\/?p=24685"},"modified":"2025-10-17T18:41:56","modified_gmt":"2025-10-17T22:41:56","slug":"consulta-popular-impulsa-proyecto-de-cria-de-pollos-y-gallinas-ponedoras-en-puerto-la-cruz","status":"publish","type":"post","link":"https:\/\/prensapresidencialvenezuela.gob.ve\/index.php\/2025\/10\/17\/consulta-popular-impulsa-proyecto-de-cria-de-pollos-y-gallinas-ponedoras-en-puerto-la-cruz\/","title":{"rendered":"Consulta Popular impulsa proyecto de cr\u00eda de pollos y gallinas ponedoras en Puerto La Cruz"},"content":{"rendered":"\n<p><strong>Puerto La Cruz, Anzo\u00e1tegui.-<\/strong> En un pase satelital con el Presidente de la Rep\u00fablica Bolivariana de Venezuela, Nicol\u00e1s Maduro, en el marco de la inauguraci\u00f3n de la Ciudad del Emprendimiento del \u00abUrbanismo Oscar L\u00f3pez Rivera\u00bb, el Gobernador del estado Anzo\u00e1tegui, Luis Jos\u00e9 Marcano, dio a conocer un proyecto productivo, aprobado a trav\u00e9s de la Consulta Popular, que fomenta la econom\u00eda popular.<\/p>\n\n\n\n<p>Desde el \u00e1mbito territorial de la Comuna Mar\u00eda Teresa del Toro, en la zona alta de Puerto La Cruz, el regente regional, en compa\u00f1\u00eda de autoridades locales y voceros comunales, resalt\u00f3 que se trata de una iniciativa de la \u00abjuventud que produce, que est\u00e1 construyendo Patria y est\u00e1 garantizando el abastecimiento nacional\u00bb.<\/p>\n\n\n\n<p>Por su parte, Edixandra Aguilera, vocera de la comuna, ofreci\u00f3 detalles sobre el proyecto productivo. \u00abEs la adecuaci\u00f3n de criadero de pollos de primera y gallinas ponedoras. Para esto hicimos un plan previo, lo presentamos a la comunidad, fuimos a votaci\u00f3n y fue lo que creamos\u00bb, explic\u00f3, haciendo \u00e9nfasis en el origen democr\u00e1tico de la iniciativa.<\/p>\n\n\n\n<p>De igual manera, inform\u00f3 que, tras recibir el financiamiento del Gobierno Bolivariano, se realiz\u00f3 un replanteamiento, excavaci\u00f3n y la compra de insumos para la cr\u00eda. Detr\u00e1s de ella se pod\u00edan observar aproximadamente 500 pollos de engorde, resultado de esta primera fase ejecutada por los j\u00f3venes de la comuna.<\/p>\n\n\n\n<p>\u00abNuestro objetivo es no solo criar y vender, sino llevar a cabo un ciclo donde podamos mantenerlo, donde podamos vender y volver a criar&nbsp; (\u2026) &nbsp;para que sea un proyecto que nos d\u00e9 para abastecer a otras comunidades dentro de nuestra misma comuna\u00bb, afirm\u00f3 la vocera, resaltando el alcance social.<\/p>\n\n\n\n<p><strong>Prensa Presidencial \/ Iliana Rosales<\/strong><\/p>\n","protected":false},"excerpt":{"rendered":"<p>Puerto La Cruz, Anzo\u00e1tegui.- En un pase satelital con el Presidente de la Rep\u00fablica Bolivariana de Venezuela, Nicol\u00e1s Maduro, en el marco de la inauguraci\u00f3n de la Ciudad del Emprendimiento del \u00abUrbanismo Oscar L\u00f3pez Rivera\u00bb, el Gobernador del estado Anzo\u00e1tegui, Luis Jos\u00e9 Marcano, dio a conocer un proyecto productivo, aprobado a trav\u00e9s de la Consulta [&hellip;]<\/p>\n","protected":false},"author":1,"featured_media":24686,"comment_status":"open","ping_status":"open","sticky":false,"template":"","format":"standard","meta":{"footnotes":""},"categories":[18,7],"tags":[],"class_list":["post-24685","post","type-post","status-publish","format-standard","has-post-thumbnail","hentry","category-noticias-principales","category-notas-de-prensa"],"_links":{"self":[{"href":"https:\/\/prensapresidencialvenezuela.gob.ve\/index.php\/wp-json\/wp\/v2\/posts\/24685","targetHints":{"allow":["GET"]}}],"collection":[{"href":"https:\/\/prensapresidencialvenezuela.gob.ve\/index.php\/wp-json\/wp\/v2\/posts"}],"about":[{"href":"https:\/\/prensapresidencialvenezuela.gob.ve\/index.php\/wp-json\/wp\/v2\/types\/post"}],"author":[{"embeddable":true,"href":"https:\/\/prensapresidencialvenezuela.gob.ve\/index.php\/wp-json\/wp\/v2\/users\/1"}],"replies":[{"embeddable":true,"href":"https:\/\/prensapresidencialvenezuela.gob.ve\/index.php\/wp-json\/wp\/v2\/comments?post=24685"}],"version-history":[{"count":1,"href":"https:\/\/prensapresidencialvenezuela.gob.ve\/index.php\/wp-json\/wp\/v2\/posts\/24685\/revisions"}],"predecessor-version":[{"id":24687,"href":"https:\/\/prensapresidencialvenezuela.gob.ve\/index.php\/wp-json\/wp\/v2\/posts\/24685\/revisions\/24687"}],"wp:featuredmedia":[{"embeddable":true,"href":"https:\/\/prensapresidencialvenezuela.gob.ve\/index.php\/wp-json\/wp\/v2\/media\/24686"}],"wp:attachment":[{"href":"https:\/\/prensapresidencialvenezuela.gob.ve\/index.php\/wp-json\/wp\/v2\/media?parent=24685"}],"wp:term":[{"taxonomy":"category","embeddable":true,"href":"https:\/\/prensapresidencialvenezuela.gob.ve\/index.php\/wp-json\/wp\/v2\/categories?post=24685"},{"taxonomy":"post_tag","embeddable":true,"href":"https:\/\/prensapresidencialvenezuela.gob.ve\/index.php\/wp-json\/wp\/v2\/tags?post=24685"}],"curies":[{"name":"wp","href":"https:\/\/api.w.org\/{rel}","templated":true}]}}