{"id":24692,"date":"2025-10-20T18:19:44","date_gmt":"2025-10-20T22:19:44","guid":{"rendered":"https:\/\/prensapresidencialvenezuela.gob.ve\/?p=24692"},"modified":"2025-10-20T18:19:45","modified_gmt":"2025-10-20T22:19:45","slug":"entregan-dos-proyectos-comunales-como-parte-del-obraton","status":"publish","type":"post","link":"https:\/\/prensapresidencialvenezuela.gob.ve\/index.php\/2025\/10\/20\/entregan-dos-proyectos-comunales-como-parte-del-obraton\/","title":{"rendered":"Entregan dos proyectos comunales como parte del OBRAT\u00d3N"},"content":{"rendered":"\n<p><strong>Los Mecedores, parroquia La Pastora. \u2013 <\/strong>El presidente de la Rep\u00fablica Bolivariana de Venezuela, Nicol\u00e1s Maduro Moros ,hace entrega este lunes de dos (2) proyectos de la juventud, como parte del OBRAT\u00d3N que se efectuar\u00e1 en todos los estados del pa\u00eds, promoviendo la participaci\u00f3n activa y protag\u00f3nica de los ciudadanos en la construcci\u00f3n del Estado comunal.<\/p>\n\n\n\n<p>Este acto fue realizado en conmemoraci\u00f3n al 13.\u00b0 aniversario del Golpe de Tim\u00f3n del comandante Hugo Ch\u00e1vez, por lo que hoy inicia el otorgamiento de 20 mil obras en todo el territorio nacional, en un esfuerzo conjunto del Gobierno nacional y el Poder Popular.<\/p>\n\n\n\n<p>Durante la actividad, el Jefe de Estado enfatiz\u00f3 que las dos obras que se est\u00e1n entregando hoy en la Comuna 8 Ra\u00edces (un gimnasio y textiler\u00eda), fueron aprobadas en las propuestas escogidas el pasado 27 de julio.<\/p>\n\n\n\n<p>En este orden de ideas, una joven vocera del sector, que est\u00e1 conformado por 8 consejos comunales, precis\u00f3 que \u00abestos proyectos se han logrado gracias al compa\u00f1erismo y uni\u00f3n del equipo.<\/p>\n\n\n\n<p>Por otra parte, el Mandatario nacional ha destacado que, a 13 a\u00f1os del Golpe de Tim\u00f3n, sigue y seguir\u00e1 estando junto al pueblo; y describi\u00f3 la lluvia de este d\u00eda como una bendici\u00f3n, ya que \u00absi est\u00e1 la lluvia, est\u00e1 con nosotros\u00bb, Ch\u00e1vez, quien el 7 de octubre del 2012 obtuvo una victoria electoral hist\u00f3rica.<\/p>\n\n\n\n<p><strong>Prensa Presidencial\/ Irmary D\u00edaz<\/strong><\/p>\n","protected":false},"excerpt":{"rendered":"<p>Los Mecedores, parroquia La Pastora. \u2013 El presidente de la Rep\u00fablica Bolivariana de Venezuela, Nicol\u00e1s Maduro Moros ,hace entrega este lunes de dos (2) proyectos de la juventud, como parte del OBRAT\u00d3N que se efectuar\u00e1 en todos los estados del pa\u00eds, promoviendo la participaci\u00f3n activa y protag\u00f3nica de los ciudadanos en la construcci\u00f3n del Estado [&hellip;]<\/p>\n","protected":false},"author":1,"featured_media":24693,"comment_status":"open","ping_status":"open","sticky":false,"template":"","format":"standard","meta":{"footnotes":""},"categories":[18,7],"tags":[],"class_list":["post-24692","post","type-post","status-publish","format-standard","has-post-thumbnail","hentry","category-noticias-principales","category-notas-de-prensa"],"_links":{"self":[{"href":"https:\/\/prensapresidencialvenezuela.gob.ve\/index.php\/wp-json\/wp\/v2\/posts\/24692","targetHints":{"allow":["GET"]}}],"collection":[{"href":"https:\/\/prensapresidencialvenezuela.gob.ve\/index.php\/wp-json\/wp\/v2\/posts"}],"about":[{"href":"https:\/\/prensapresidencialvenezuela.gob.ve\/index.php\/wp-json\/wp\/v2\/types\/post"}],"author":[{"embeddable":true,"href":"https:\/\/prensapresidencialvenezuela.gob.ve\/index.php\/wp-json\/wp\/v2\/users\/1"}],"replies":[{"embeddable":true,"href":"https:\/\/prensapresidencialvenezuela.gob.ve\/index.php\/wp-json\/wp\/v2\/comments?post=24692"}],"version-history":[{"count":1,"href":"https:\/\/prensapresidencialvenezuela.gob.ve\/index.php\/wp-json\/wp\/v2\/posts\/24692\/revisions"}],"predecessor-version":[{"id":24694,"href":"https:\/\/prensapresidencialvenezuela.gob.ve\/index.php\/wp-json\/wp\/v2\/posts\/24692\/revisions\/24694"}],"wp:featuredmedia":[{"embeddable":true,"href":"https:\/\/prensapresidencialvenezuela.gob.ve\/index.php\/wp-json\/wp\/v2\/media\/24693"}],"wp:attachment":[{"href":"https:\/\/prensapresidencialvenezuela.gob.ve\/index.php\/wp-json\/wp\/v2\/media?parent=24692"}],"wp:term":[{"taxonomy":"category","embeddable":true,"href":"https:\/\/prensapresidencialvenezuela.gob.ve\/index.php\/wp-json\/wp\/v2\/categories?post=24692"},{"taxonomy":"post_tag","embeddable":true,"href":"https:\/\/prensapresidencialvenezuela.gob.ve\/index.php\/wp-json\/wp\/v2\/tags?post=24692"}],"curies":[{"name":"wp","href":"https:\/\/api.w.org\/{rel}","templated":true}]}}