{"id":24695,"date":"2025-10-20T18:22:46","date_gmt":"2025-10-20T22:22:46","guid":{"rendered":"https:\/\/prensapresidencialvenezuela.gob.ve\/?p=24695"},"modified":"2025-10-20T18:29:53","modified_gmt":"2025-10-20T22:29:53","slug":"presidente-maduro-lidera-casa-por-casa-e-impulsa-el-estado-comunal-a-13-anos-del-golpe-de-timon","status":"publish","type":"post","link":"https:\/\/prensapresidencialvenezuela.gob.ve\/index.php\/2025\/10\/20\/presidente-maduro-lidera-casa-por-casa-e-impulsa-el-estado-comunal-a-13-anos-del-golpe-de-timon\/","title":{"rendered":"Inaugurada Sala de Autogobierno en la Base de Misiones Socialistas \u00abComuna Las 8 Ra\u00edces de Mecedores\u00bb"},"content":{"rendered":"\n<p>La Pastora, Caracas.- El presidente de la Rep\u00fablica Bolivariana de Venezuela, Nicol\u00e1s Maduro Moros, visit\u00f3 y dej\u00f3 formalmente inaugurada la Sala de Autogobierno en la Base de Misiones Socialistas \u00abComuna Las 8 Ra\u00edces de Mecedores\u00bb. El Mandatario verific\u00f3 as\u00ed los avances del autogobierno popular y refuerza el cumplimiento del mandado del Comandante Eterno Hugo Ch\u00e1vez: \u00abComuna o nada\u00bb.<\/p>\n\n\n\n<p>La actividad se enmarca en el impulso del Plan de la Patria de las Siete Transformaciones (7T), haciendo especial \u00e9nfasis en la Segunda Transformaci\u00f3n: Desarrollo de las Ciudades Humanas y Servicios; y la Quinta Transformaci\u00f3n: Organizaci\u00f3n y Planificaci\u00f3n Popular en los 5.336 circuitos comunales del territorio nacional.<\/p>\n\n\n\n<p>El Jefe de Estado se encuentra acompa\u00f1ado por la Primera Dama de la Rep\u00fablica, Cilia Flores; el Ministro del Poder Popular para las Comunas, Movimientos Sociales y Agricultura Urbana, \u00c1ngel Prado; el Ministro del Poder Popular para la Juventud, Sergio Lotartaro, y el Vicepresidente Sectorial para el \u00c1rea Social, H\u00e9ctor Rodr\u00edguez, entre otras autoridades.<\/p>\n\n\n\n<figure class=\"wp-block-image size-large\"><img fetchpriority=\"high\" decoding=\"async\" width=\"1024\" height=\"927\" src=\"https:\/\/prensapresidencialvenezuela.gob.ve\/wp-content\/uploads\/2025\/10\/01EG__7525_P-1024x927.jpg\" alt=\"\" class=\"wp-image-24702\" srcset=\"https:\/\/prensapresidencialvenezuela.gob.ve\/wp-content\/uploads\/2025\/10\/01EG__7525_P-1024x927.jpg 1024w, https:\/\/prensapresidencialvenezuela.gob.ve\/wp-content\/uploads\/2025\/10\/01EG__7525_P-300x271.jpg 300w, https:\/\/prensapresidencialvenezuela.gob.ve\/wp-content\/uploads\/2025\/10\/01EG__7525_P-768x695.jpg 768w, https:\/\/prensapresidencialvenezuela.gob.ve\/wp-content\/uploads\/2025\/10\/01EG__7525_P-1536x1390.jpg 1536w, https:\/\/prensapresidencialvenezuela.gob.ve\/wp-content\/uploads\/2025\/10\/01EG__7525_P-2048x1853.jpg 2048w\" sizes=\"(max-width: 1024px) 100vw, 1024px\" \/><\/figure>\n\n\n\n<p><strong>Vigencia del \u00abGolpe de Tim\u00f3n\u00bb<\/strong><\/p>\n\n\n\n<p>La jornada coincide con un d\u00eda fundamental para la transformaci\u00f3n hacia el Estado Comunal, al cumplirse 13 a\u00f1os del \u00abGolpe de Tim\u00f3n\u00bb, el llamado que hiciera el Comandante Eterno Hugo Ch\u00e1vez, el 20 de octubre de 2012.<\/p>\n\n\n\n<p>M\u00e1s temprano, a trav\u00e9s de su cuenta en la red social Telegram, el presidente Maduro se refiri\u00f3 a la fecha: \u00abLa vigencia de los sue\u00f1os, la teor\u00eda y los lineamientos que nos dej\u00f3 el Comandante Ch\u00e1vez son innegables. En aquel momento crucial, \u00e9l me entreg\u00f3 la misi\u00f3n m\u00e1s importante de la Revoluci\u00f3n, dici\u00e9ndome: &#8216;Nicol\u00e1s, te encomiendo a las comunas como mi propia vida'\u00bb.<\/p>\n\n\n\n<p>El Mandatario Nacional reiter\u00f3 que el mandato \u00a1Comuna o Nada! es el horizonte de la construcci\u00f3n de la nueva sociedad y la ruta magistral para edificar la democracia participativa y protag\u00f3nica, y el modelo pol\u00edtico del Siglo XXI.<\/p>\n\n\n\n<p><strong>Entregan 20 mil obras en jornada nacional<\/strong><\/p>\n\n\n\n<p>A prop\u00f3sito de este 13\u00b0 aniversario del Golpe de Tim\u00f3n,&nbsp; el Gobierno Nacional, en articulaci\u00f3n con el Poder Popular, est\u00e1 entregando simult\u00e1neamente 20 mil obras en todo el pa\u00eds. Esta gran jornada, denominada Obrat\u00f3n, es una manifestaci\u00f3n del compromiso de consolidar el Estado Comunal y dar respuesta oportuna a las necesidades de las poblaci\u00f3n.<\/p>\n\n\n\n<p>El Obrat\u00f3n surge del resultado de&nbsp; diversas Consultas Populares realizadas a nivel nacional, promoviendo la participaci\u00f3n activa, democr\u00e1tica y protag\u00f3nica en la ejecuci\u00f3n de proyectos que buscan solucionar problem\u00e1ticas colectivas y garantizar una mejor calidad de vida para el pueblo.<\/p>\n\n\n\n<p><strong>Comuna Las 8 Ra\u00edces y la Gesti\u00f3n Popular<\/strong><\/p>\n\n\n\n<p>La Comuna Las 8 Ra\u00edces de Mecedores, conformada por 8 Consejos Comunales, alberga una poblaci\u00f3n de 4.198 habitantes distribuidos en 2.015 familias.<\/p>\n\n\n\n<p>En lo que va del a\u00f1o 2025, esta comuna ha emprendido tres proyectos clave para el beneficio de sus habitantes: la instalaci\u00f3n de una Planta Potabilizadora, el establecimiento de un Centro de Copiado, y la adquisici\u00f3n de motos comunitarias para el servicio de traslado nocturno entre los sectores Capitolio y Los Mecedores.<\/p>\n\n\n\n<p>Asimismo, el presidente Maduro podr\u00e1 conocer este lunes los proyectos comunitarios aprobados en la Consulta Popular de la Juventud, que consisten en una sala de costura y un gimnasio, ideas socio productivas que se impulsaron para permitir a los locales desarrollar nuevas habilidades.<\/p>\n\n\n\n<p>La vocera Albanis Pacheco mencion\u00f3 que recibir\u00e1n clases sobre costura por las madres de la comunidad y que, a futuro, sue\u00f1an con poder elaborar uniformes para que sean usados por las autoridades y los trabajadores de sus instituciones.<\/p>\n\n\n\n<p>La visita sirve para realzar el rol de las Salas de Autogobierno Popular y Comunal, instaladas en los 5.336 circuitos comunales. Estas instancias de cogesti\u00f3n tienen el objetivo de garantizar la articulaci\u00f3n de todos los niveles de gobierno para optimizar fuerzas, recursos y potenciar la unidad program\u00e1tica territorial.<\/p>\n\n\n\n<p><strong>Prensa Presidencial\/ Iliana Rosales<\/strong><\/p>\n","protected":false},"excerpt":{"rendered":"<p>La Pastora, Caracas.- El presidente de la Rep\u00fablica Bolivariana de Venezuela, Nicol\u00e1s Maduro Moros, visit\u00f3 y dej\u00f3 formalmente inaugurada la Sala de Autogobierno en la Base de Misiones Socialistas \u00abComuna Las 8 Ra\u00edces de Mecedores\u00bb. El Mandatario verific\u00f3 as\u00ed los avances del autogobierno popular y refuerza el cumplimiento del mandado del Comandante Eterno Hugo Ch\u00e1vez: [&hellip;]<\/p>\n","protected":false},"author":1,"featured_media":24704,"comment_status":"open","ping_status":"open","sticky":false,"template":"","format":"standard","meta":{"footnotes":""},"categories":[18,7],"tags":[],"class_list":["post-24695","post","type-post","status-publish","format-standard","has-post-thumbnail","hentry","category-noticias-principales","category-notas-de-prensa"],"_links":{"self":[{"href":"https:\/\/prensapresidencialvenezuela.gob.ve\/index.php\/wp-json\/wp\/v2\/posts\/24695","targetHints":{"allow":["GET"]}}],"collection":[{"href":"https:\/\/prensapresidencialvenezuela.gob.ve\/index.php\/wp-json\/wp\/v2\/posts"}],"about":[{"href":"https:\/\/prensapresidencialvenezuela.gob.ve\/index.php\/wp-json\/wp\/v2\/types\/post"}],"author":[{"embeddable":true,"href":"https:\/\/prensapresidencialvenezuela.gob.ve\/index.php\/wp-json\/wp\/v2\/users\/1"}],"replies":[{"embeddable":true,"href":"https:\/\/prensapresidencialvenezuela.gob.ve\/index.php\/wp-json\/wp\/v2\/comments?post=24695"}],"version-history":[{"count":3,"href":"https:\/\/prensapresidencialvenezuela.gob.ve\/index.php\/wp-json\/wp\/v2\/posts\/24695\/revisions"}],"predecessor-version":[{"id":24703,"href":"https:\/\/prensapresidencialvenezuela.gob.ve\/index.php\/wp-json\/wp\/v2\/posts\/24695\/revisions\/24703"}],"wp:featuredmedia":[{"embeddable":true,"href":"https:\/\/prensapresidencialvenezuela.gob.ve\/index.php\/wp-json\/wp\/v2\/media\/24704"}],"wp:attachment":[{"href":"https:\/\/prensapresidencialvenezuela.gob.ve\/index.php\/wp-json\/wp\/v2\/media?parent=24695"}],"wp:term":[{"taxonomy":"category","embeddable":true,"href":"https:\/\/prensapresidencialvenezuela.gob.ve\/index.php\/wp-json\/wp\/v2\/categories?post=24695"},{"taxonomy":"post_tag","embeddable":true,"href":"https:\/\/prensapresidencialvenezuela.gob.ve\/index.php\/wp-json\/wp\/v2\/tags?post=24695"}],"curies":[{"name":"wp","href":"https:\/\/api.w.org\/{rel}","templated":true}]}}