{"id":24705,"date":"2025-10-20T18:31:02","date_gmt":"2025-10-20T22:31:02","guid":{"rendered":"https:\/\/prensapresidencialvenezuela.gob.ve\/?p=24705"},"modified":"2025-10-20T18:31:03","modified_gmt":"2025-10-20T22:31:03","slug":"golpe-de-timon-un-antes-y-un-despues-una-nueva-historia","status":"publish","type":"post","link":"https:\/\/prensapresidencialvenezuela.gob.ve\/index.php\/2025\/10\/20\/golpe-de-timon-un-antes-y-un-despues-una-nueva-historia\/","title":{"rendered":"\u00abGolpe de Tim\u00f3n: Un antes y un despu\u00e9s, una nueva historia\u00bb"},"content":{"rendered":"\n<p><strong>Los Mecedores, parroquia La Pastora. \u2013 <\/strong>Como parte del OBRAT\u00d3N y aniversario N.\u00ba 13 del Golpe de Tim\u00f3n, el presidente de la Rep\u00fablica Bolivariana de Venezuela, Nicol\u00e1s Maduro Moros, enfatiz\u00f3 que el comandante Ch\u00e1vez dio un \u00abGolpe de Tim\u00f3n\u00bb a la Revoluci\u00f3n, al proceso revolucionario, porque desde la autocr\u00edtica dijo: \u00abComuna o Nada\u00bb, se\u00f1alando as\u00ed el camino de lo que ten\u00eda que ser la construcci\u00f3n del pa\u00eds de ah\u00ed en adelante.<\/p>\n\n\n\n<p>Asimismo, asever\u00f3 que el Comandante Supremo fue certero en cada una de sus decisiones, de manera premonitoria, como un profeta, por lo que instruy\u00f3 a contribuir de manera creativa y unida, a la construcci\u00f3n del Estado comunal como Eje Transversal; ya que \u00abel Golpe de Tim\u00f3n ha sido un antes y un despu\u00e9s, una nueva historia\u00bb<\/p>\n\n\n\n<p>En este contexto, relat\u00f3 que cuando el Comandante gan\u00f3 las elecciones del 7 de octubre del 2012, en ese momento \u00e9l se sobrepon\u00eda a los grandes dolores de su enfermedad y que, adem\u00e1s, justo ese d\u00eda se dio un Consejo de Ministros para plantear la nueva etapa del pa\u00eds.<\/p>\n\n\n\n<p>En este orden de ideas, es importante destacar que el Comandante Eterno de la Revoluci\u00f3n Bolivariana, le indic\u00f3 al Presidente ese d\u00eda hist\u00f3rico del \u00abGolpe de Tim\u00f3n\u00bb, lo siguiente: \u00abNicol\u00e1s, en varias ocasiones he insistido. Perm\u00edtanme ser lo m\u00e1s duro que pueda y que deba en esta nueva autocr\u00edtica, con este tema: \u00a1Independencia o Nada, Comuna o Nada! Sino no nos damos cuenta de esto (\u2026), ser\u00edamos nosotros los liquidadores de este proyecto, la parte medular: Las Comunas\u00bb.<\/p>\n\n\n\n<p>Por otra parte, es de inter\u00e9s rememorar que el Comandante Eterno fue un hombre con mucha autocr\u00edtica, para perfeccionar cada una de las decisiones que estuvieron basadas en el bienestar el pueblo; y adicional a ello, denunci\u00f3 en todo momento la burocracia, la ineficiencia y llam\u00f3 a la ampliaci\u00f3n del socialismo territorial, que en el presente ha sido impulsado gracias al presidente Maduro, para lograr que del Poder Comunal ya hayan surgido cinco (5) Consultas Populares, que han beneficiado a 24 873 proyectos comunales en todo el pa\u00eds, de manera democr\u00e1tica y para el bienestar colectivo de las comunidades.<\/p>\n\n\n\n<p><strong>Prensa Presidencial\/ Irmary D\u00edaz<\/strong><\/p>\n","protected":false},"excerpt":{"rendered":"<p>Los Mecedores, parroquia La Pastora. \u2013 Como parte del OBRAT\u00d3N y aniversario N.\u00ba 13 del Golpe de Tim\u00f3n, el presidente de la Rep\u00fablica Bolivariana de Venezuela, Nicol\u00e1s Maduro Moros, enfatiz\u00f3 que el comandante Ch\u00e1vez dio un \u00abGolpe de Tim\u00f3n\u00bb a la Revoluci\u00f3n, al proceso revolucionario, porque desde la autocr\u00edtica dijo: \u00abComuna o Nada\u00bb, se\u00f1alando as\u00ed [&hellip;]<\/p>\n","protected":false},"author":1,"featured_media":24706,"comment_status":"open","ping_status":"open","sticky":false,"template":"","format":"standard","meta":{"footnotes":""},"categories":[18,7],"tags":[],"class_list":["post-24705","post","type-post","status-publish","format-standard","has-post-thumbnail","hentry","category-noticias-principales","category-notas-de-prensa"],"_links":{"self":[{"href":"https:\/\/prensapresidencialvenezuela.gob.ve\/index.php\/wp-json\/wp\/v2\/posts\/24705","targetHints":{"allow":["GET"]}}],"collection":[{"href":"https:\/\/prensapresidencialvenezuela.gob.ve\/index.php\/wp-json\/wp\/v2\/posts"}],"about":[{"href":"https:\/\/prensapresidencialvenezuela.gob.ve\/index.php\/wp-json\/wp\/v2\/types\/post"}],"author":[{"embeddable":true,"href":"https:\/\/prensapresidencialvenezuela.gob.ve\/index.php\/wp-json\/wp\/v2\/users\/1"}],"replies":[{"embeddable":true,"href":"https:\/\/prensapresidencialvenezuela.gob.ve\/index.php\/wp-json\/wp\/v2\/comments?post=24705"}],"version-history":[{"count":1,"href":"https:\/\/prensapresidencialvenezuela.gob.ve\/index.php\/wp-json\/wp\/v2\/posts\/24705\/revisions"}],"predecessor-version":[{"id":24707,"href":"https:\/\/prensapresidencialvenezuela.gob.ve\/index.php\/wp-json\/wp\/v2\/posts\/24705\/revisions\/24707"}],"wp:featuredmedia":[{"embeddable":true,"href":"https:\/\/prensapresidencialvenezuela.gob.ve\/index.php\/wp-json\/wp\/v2\/media\/24706"}],"wp:attachment":[{"href":"https:\/\/prensapresidencialvenezuela.gob.ve\/index.php\/wp-json\/wp\/v2\/media?parent=24705"}],"wp:term":[{"taxonomy":"category","embeddable":true,"href":"https:\/\/prensapresidencialvenezuela.gob.ve\/index.php\/wp-json\/wp\/v2\/categories?post=24705"},{"taxonomy":"post_tag","embeddable":true,"href":"https:\/\/prensapresidencialvenezuela.gob.ve\/index.php\/wp-json\/wp\/v2\/tags?post=24705"}],"curies":[{"name":"wp","href":"https:\/\/api.w.org\/{rel}","templated":true}]}}