{"id":24713,"date":"2025-10-20T21:19:39","date_gmt":"2025-10-21T01:19:39","guid":{"rendered":"https:\/\/prensapresidencialvenezuela.gob.ve\/?p=24713"},"modified":"2025-10-20T21:19:39","modified_gmt":"2025-10-21T01:19:39","slug":"jefe-de-estado-convoca-a-la-juventud-comunal-para-reforzar-la-gestion-y-proteger-los-valores-del-socialismo","status":"publish","type":"post","link":"https:\/\/prensapresidencialvenezuela.gob.ve\/index.php\/2025\/10\/20\/jefe-de-estado-convoca-a-la-juventud-comunal-para-reforzar-la-gestion-y-proteger-los-valores-del-socialismo\/","title":{"rendered":"Jefe de Estado convoca a la Juventud Comunal para reforzar la gesti\u00f3n y proteger los valores del socialismo"},"content":{"rendered":"\n<p><strong>Los Mecederes, Parroquia La Pastora.<\/strong> &#8211; El Gobierno Bolivariano acelera la consolidaci\u00f3n del <strong>Poder Comunal<\/strong> con una jornada de profunda reactivaci\u00f3n organizativa y productiva. El presidente de la Rep\u00fablica Bolivariana de Venezuela, Nicol\u00e1s Maduro, al inaugurar la <strong>Sala de Autogobierno<\/strong> en la Base de Misiones Socialistas \u00abComuna Las 8 Ra\u00edces de Mecedores\u00bb, reafirm\u00f3 que el esfuerzo revolucionario est\u00e1 centrado en la base social.<\/p>\n\n\n\n<p><strong>Juventud y Vanguardia Comunal<\/strong><\/p>\n\n\n\n<p>El Jefe de Estado enfatiz\u00f3 la necesidad estrat\u00e9gica de <strong>incorporar a la juventud<\/strong>, d\u00e1ndoles tareas concretas y protegi\u00e9ndolos de los antivalores que acechan a la sociedad. La Comuna debe ser una escuela de valores para la nueva generaci\u00f3n que garantizar\u00e1 la continuidad de la Revoluci\u00f3n.<\/p>\n\n\n\n<p><strong>Avance Estrat\u00e9gico del Autogobierno<\/strong><\/p>\n\n\n\n<p>Durante su recorrido, el Dignatario convers\u00f3 con &nbsp;<strong>Natacha Reyes<\/strong>, coordinadora de la Sala de Autogobierno Popular y Comunal de \u00ab8 Ra\u00edces de Mecedores\u00bb. Reyes destac\u00f3 el <strong>s\u00f3lido avance<\/strong> en los procesos de <strong>organizaci\u00f3n, seguimiento y control<\/strong> que se desarrollan en este espacio de gesti\u00f3n comunitaria, demostrando la capacidad del pueblo organizado para asumir la direcci\u00f3n de sus propios destinos.<\/p>\n\n\n\n<p>Reyes adem\u00e1s precis\u00f3 que el <strong>ODDI Comunal<\/strong> (\u00d3rgano de Direcci\u00f3n y Defensa Integral) de la comuna se encuentra registrado y activo, presto para cumplir su rol en el sistema defensivo territorial, garantizando la paz y la soberan\u00eda popular.<\/p>\n\n\n\n<p><strong>OBRAT\u00d3N: 20 Mil Obras para el Pueblo<\/strong><\/p>\n\n\n\n<p>Esta reactivaci\u00f3n comunal se enmarca en el lanzamiento del <strong>OBRAT\u00d3N<\/strong>, que desplegar\u00e1 <strong>20 mil obras a nivel nacional<\/strong>, una clara demostraci\u00f3n del compromiso del Gobierno Bolivariano con la organizaci\u00f3n popular como eje central de la gesti\u00f3n y la construcci\u00f3n del Socialismo Territorial. La Comuna es el coraz\u00f3n de la Patria.<\/p>\n\n\n\n<p><strong>Prensa Presidencial\/ Luis Tavera<\/strong><\/p>\n","protected":false},"excerpt":{"rendered":"<p>Los Mecederes, Parroquia La Pastora. &#8211; El Gobierno Bolivariano acelera la consolidaci\u00f3n del Poder Comunal con una jornada de profunda reactivaci\u00f3n organizativa y productiva. El presidente de la Rep\u00fablica Bolivariana de Venezuela, Nicol\u00e1s Maduro, al inaugurar la Sala de Autogobierno en la Base de Misiones Socialistas \u00abComuna Las 8 Ra\u00edces de Mecedores\u00bb, reafirm\u00f3 que el [&hellip;]<\/p>\n","protected":false},"author":1,"featured_media":24714,"comment_status":"open","ping_status":"open","sticky":false,"template":"","format":"standard","meta":{"footnotes":""},"categories":[18,7],"tags":[],"class_list":["post-24713","post","type-post","status-publish","format-standard","has-post-thumbnail","hentry","category-noticias-principales","category-notas-de-prensa"],"_links":{"self":[{"href":"https:\/\/prensapresidencialvenezuela.gob.ve\/index.php\/wp-json\/wp\/v2\/posts\/24713","targetHints":{"allow":["GET"]}}],"collection":[{"href":"https:\/\/prensapresidencialvenezuela.gob.ve\/index.php\/wp-json\/wp\/v2\/posts"}],"about":[{"href":"https:\/\/prensapresidencialvenezuela.gob.ve\/index.php\/wp-json\/wp\/v2\/types\/post"}],"author":[{"embeddable":true,"href":"https:\/\/prensapresidencialvenezuela.gob.ve\/index.php\/wp-json\/wp\/v2\/users\/1"}],"replies":[{"embeddable":true,"href":"https:\/\/prensapresidencialvenezuela.gob.ve\/index.php\/wp-json\/wp\/v2\/comments?post=24713"}],"version-history":[{"count":1,"href":"https:\/\/prensapresidencialvenezuela.gob.ve\/index.php\/wp-json\/wp\/v2\/posts\/24713\/revisions"}],"predecessor-version":[{"id":24715,"href":"https:\/\/prensapresidencialvenezuela.gob.ve\/index.php\/wp-json\/wp\/v2\/posts\/24713\/revisions\/24715"}],"wp:featuredmedia":[{"embeddable":true,"href":"https:\/\/prensapresidencialvenezuela.gob.ve\/index.php\/wp-json\/wp\/v2\/media\/24714"}],"wp:attachment":[{"href":"https:\/\/prensapresidencialvenezuela.gob.ve\/index.php\/wp-json\/wp\/v2\/media?parent=24713"}],"wp:term":[{"taxonomy":"category","embeddable":true,"href":"https:\/\/prensapresidencialvenezuela.gob.ve\/index.php\/wp-json\/wp\/v2\/categories?post=24713"},{"taxonomy":"post_tag","embeddable":true,"href":"https:\/\/prensapresidencialvenezuela.gob.ve\/index.php\/wp-json\/wp\/v2\/tags?post=24713"}],"curies":[{"name":"wp","href":"https:\/\/api.w.org\/{rel}","templated":true}]}}