{"id":24716,"date":"2025-10-20T21:33:53","date_gmt":"2025-10-21T01:33:53","guid":{"rendered":"https:\/\/prensapresidencialvenezuela.gob.ve\/?p=24716"},"modified":"2025-10-20T21:33:54","modified_gmt":"2025-10-21T01:33:54","slug":"educadores-de-la-unacom-coordinaran-programas-permanentes-y-directos-de-formacion-de-liderazgo-y-juventud","status":"publish","type":"post","link":"https:\/\/prensapresidencialvenezuela.gob.ve\/index.php\/2025\/10\/20\/educadores-de-la-unacom-coordinaran-programas-permanentes-y-directos-de-formacion-de-liderazgo-y-juventud\/","title":{"rendered":"Educadores de la UNACOM coordinar\u00e1n programas permanentes y directos de formaci\u00f3n de liderazgo y juventud."},"content":{"rendered":"\n<p><strong>Los Mecedores, Parroquia La Pastora. &#8211;<\/strong> El presidente de la Rep\u00fablica Bolivariana de Venezuela, Nicol\u00e1s Maduro, hizo un llamado crucial a la formaci\u00f3n masiva de los voceros y del pueblo organizado, elevando la conciencia y las herramientas de gesti\u00f3n del Poder Popular.<\/p>\n\n\n\n<p>Desde las Bases de Misiones \u00abComuna Las 8 Ra\u00edces de Mecedores\u00bb, el Jefe de Estado instruy\u00f3 a los docentes de la reci\u00e9n fundada Universidad Nacional de las Comunas (UNACOM), con sede en Carabobo, a coordinar programas permanentes y directos de formaci\u00f3n de liderazgo y juventud.<\/p>\n\n\n\n<p>El Dignatario precis\u00f3 que esta instrucci\u00f3n debe materializarse en todas las Salas de Autogobierno, con el objetivo de que \u00abtodo el pueblo se forme\u06da\u00bb. El Mandatario destac\u00f3 la formaci\u00f3n como una herramienta fundamental para ayudar a la comunidad y profundizar el conocimiento del proyecto original.<\/p>\n\n\n\n<p>El Presidente inst\u00f3 a estudiar a profundidad el Libro Azul, el \u00c1rbol de las Tres Ra\u00edces y la g\u00e9nesis de la democracia directa y Bolivariana, recordando que \u00abel Comandante Ch\u00e1vez lo expres\u00f3 tan claro y profundo\u00bb.<\/p>\n\n\n\n<p>\u00abVamos a acelerar la formaci\u00f3n masiva de nuestros voceros y de nuestro pueblo\u00bb, concluy\u00f3 el Dignatario, reafirmando que la conciencia ideol\u00f3gica y la formaci\u00f3n pol\u00edtica son claves para la consolidaci\u00f3n del Socialismo Territorial.<\/p>\n\n\n\n<p><strong>Prensa Presidencial\/ Luis Tavera<\/strong><\/p>\n","protected":false},"excerpt":{"rendered":"<p>Los Mecedores, Parroquia La Pastora. &#8211; El presidente de la Rep\u00fablica Bolivariana de Venezuela, Nicol\u00e1s Maduro, hizo un llamado crucial a la formaci\u00f3n masiva de los voceros y del pueblo organizado, elevando la conciencia y las herramientas de gesti\u00f3n del Poder Popular. Desde las Bases de Misiones \u00abComuna Las 8 Ra\u00edces de Mecedores\u00bb, el Jefe [&hellip;]<\/p>\n","protected":false},"author":1,"featured_media":24717,"comment_status":"open","ping_status":"open","sticky":false,"template":"","format":"standard","meta":{"footnotes":""},"categories":[1],"tags":[],"class_list":["post-24716","post","type-post","status-publish","format-standard","has-post-thumbnail","hentry","category-sin-categoria"],"_links":{"self":[{"href":"https:\/\/prensapresidencialvenezuela.gob.ve\/index.php\/wp-json\/wp\/v2\/posts\/24716","targetHints":{"allow":["GET"]}}],"collection":[{"href":"https:\/\/prensapresidencialvenezuela.gob.ve\/index.php\/wp-json\/wp\/v2\/posts"}],"about":[{"href":"https:\/\/prensapresidencialvenezuela.gob.ve\/index.php\/wp-json\/wp\/v2\/types\/post"}],"author":[{"embeddable":true,"href":"https:\/\/prensapresidencialvenezuela.gob.ve\/index.php\/wp-json\/wp\/v2\/users\/1"}],"replies":[{"embeddable":true,"href":"https:\/\/prensapresidencialvenezuela.gob.ve\/index.php\/wp-json\/wp\/v2\/comments?post=24716"}],"version-history":[{"count":1,"href":"https:\/\/prensapresidencialvenezuela.gob.ve\/index.php\/wp-json\/wp\/v2\/posts\/24716\/revisions"}],"predecessor-version":[{"id":24718,"href":"https:\/\/prensapresidencialvenezuela.gob.ve\/index.php\/wp-json\/wp\/v2\/posts\/24716\/revisions\/24718"}],"wp:featuredmedia":[{"embeddable":true,"href":"https:\/\/prensapresidencialvenezuela.gob.ve\/index.php\/wp-json\/wp\/v2\/media\/24717"}],"wp:attachment":[{"href":"https:\/\/prensapresidencialvenezuela.gob.ve\/index.php\/wp-json\/wp\/v2\/media?parent=24716"}],"wp:term":[{"taxonomy":"category","embeddable":true,"href":"https:\/\/prensapresidencialvenezuela.gob.ve\/index.php\/wp-json\/wp\/v2\/categories?post=24716"},{"taxonomy":"post_tag","embeddable":true,"href":"https:\/\/prensapresidencialvenezuela.gob.ve\/index.php\/wp-json\/wp\/v2\/tags?post=24716"}],"curies":[{"name":"wp","href":"https:\/\/api.w.org\/{rel}","templated":true}]}}