{"id":24719,"date":"2025-10-21T18:14:13","date_gmt":"2025-10-21T22:14:13","guid":{"rendered":"https:\/\/prensapresidencialvenezuela.gob.ve\/?p=24719"},"modified":"2025-10-21T18:14:13","modified_gmt":"2025-10-21T22:14:13","slug":"presidente-maduro-recibe-cartas-credenciales-del-nuevo-embajador-de-la-republica-de-cuba","status":"publish","type":"post","link":"https:\/\/prensapresidencialvenezuela.gob.ve\/index.php\/2025\/10\/21\/presidente-maduro-recibe-cartas-credenciales-del-nuevo-embajador-de-la-republica-de-cuba\/","title":{"rendered":"Presidente Maduro recibe cartas credenciales del nuevo embajador de la Rep\u00fablica de Cuba"},"content":{"rendered":"\n<p><strong>Complejo de Miraflores, Caracas.-<\/strong> El presidente de la Rep\u00fablica Bolivariana de Venezuela, Nicol\u00e1s Maduro Moros, recibe este martes, en el Complejo de Miraflores, en Caracas, las cartas credenciales del embajador designado por la Rep\u00fablica de Cuba, el excelent\u00edsimo se\u00f1or Jorge Luis Mayo Fern\u00e1ndez.<\/p>\n\n\n\n<p>Mayo Fern\u00e1ndez, quien es Licenciado en Relaciones Pol\u00edticas Internacionales y domina el idioma ingl\u00e9s, fue designado oficialmente seg\u00fan la Gaceta Oficial de la Rep\u00fablica de Cuba No. 74 Ordinaria de 2025. Posee una vasta experiencia diplom\u00e1tica en la regi\u00f3n, habiendo servido como embajador en la Rep\u00fablica de Nicaragua (2021 a 2023) y, previamente, como ministro consejero y segundo jefe de Misi\u00f3n en la propia Embajada de Cuba en Venezuela (2010 a 2016).<\/p>\n\n\n\n<p>Durante el acto solemne, el Mandatario nacional se encuentra acompa\u00f1ado por el canciller de la Rep\u00fablica, Yv\u00e1n Gil; el viceministro para Am\u00e9rica Latina, Rander Pe\u00f1a, y otras autoridades nacionales.<\/p>\n\n\n\n<figure class=\"wp-block-image size-large\"><img fetchpriority=\"high\" decoding=\"async\" width=\"1024\" height=\"683\" src=\"https:\/\/prensapresidencialvenezuela.gob.ve\/wp-content\/uploads\/2025\/10\/13__WO__5766_P-1024x683.jpg\" alt=\"\" class=\"wp-image-24722\" srcset=\"https:\/\/prensapresidencialvenezuela.gob.ve\/wp-content\/uploads\/2025\/10\/13__WO__5766_P-1024x683.jpg 1024w, https:\/\/prensapresidencialvenezuela.gob.ve\/wp-content\/uploads\/2025\/10\/13__WO__5766_P-300x200.jpg 300w, https:\/\/prensapresidencialvenezuela.gob.ve\/wp-content\/uploads\/2025\/10\/13__WO__5766_P-768x512.jpg 768w, https:\/\/prensapresidencialvenezuela.gob.ve\/wp-content\/uploads\/2025\/10\/13__WO__5766_P-1536x1024.jpg 1536w, https:\/\/prensapresidencialvenezuela.gob.ve\/wp-content\/uploads\/2025\/10\/13__WO__5766_P-2048x1365.jpg 2048w\" sizes=\"(max-width: 1024px) 100vw, 1024px\" \/><\/figure>\n\n\n\n<p>Este acto diplom\u00e1tico no solo reconfirma la alianza estrat\u00e9gica y la hist\u00f3rica hermandad entre Caracas y La Habana, sino que honra las s\u00f3lidas ra\u00edces de cooperaci\u00f3n y solidaridad forjadas por los Comandantes Eternos, Hugo Ch\u00e1vez Fr\u00edas y Fidel Castro Ruz.<\/p>\n\n\n\n<figure class=\"wp-block-image size-large\"><img decoding=\"async\" width=\"936\" height=\"1024\" src=\"https:\/\/prensapresidencialvenezuela.gob.ve\/wp-content\/uploads\/2025\/10\/11_ZC__9544_P-1-936x1024.jpg\" alt=\"\" class=\"wp-image-24723\" srcset=\"https:\/\/prensapresidencialvenezuela.gob.ve\/wp-content\/uploads\/2025\/10\/11_ZC__9544_P-1-936x1024.jpg 936w, https:\/\/prensapresidencialvenezuela.gob.ve\/wp-content\/uploads\/2025\/10\/11_ZC__9544_P-1-274x300.jpg 274w, https:\/\/prensapresidencialvenezuela.gob.ve\/wp-content\/uploads\/2025\/10\/11_ZC__9544_P-1-768x840.jpg 768w, https:\/\/prensapresidencialvenezuela.gob.ve\/wp-content\/uploads\/2025\/10\/11_ZC__9544_P-1-1405x1536.jpg 1405w, https:\/\/prensapresidencialvenezuela.gob.ve\/wp-content\/uploads\/2025\/10\/11_ZC__9544_P-1.jpg 1829w\" sizes=\"(max-width: 936px) 100vw, 936px\" \/><\/figure>\n\n\n\n<p>La convergencia de sus ideales revolucionarios de justicia social y la visi\u00f3n de un destino com\u00fan en la regi\u00f3n, han convertido la relaci\u00f3n Cuba-Venezuela en un ejemplo de hermandad indivisible y humanismo. La voluntad de ambos pueblos es la de continuar profundizando el Convenio Integral de Cooperaci\u00f3n en \u00e1reas claves como la salud, el deporte, la educaci\u00f3n y la energ\u00eda, en beneficio mutuo y para contrarrestar los efectos del bloqueo econ\u00f3mico.<\/p>\n\n\n\n<p><strong>Prensa Presidencial \/ Iliana Rosales<\/strong><\/p>\n","protected":false},"excerpt":{"rendered":"<p>Complejo de Miraflores, Caracas.- El presidente de la Rep\u00fablica Bolivariana de Venezuela, Nicol\u00e1s Maduro Moros, recibe este martes, en el Complejo de Miraflores, en Caracas, las cartas credenciales del embajador designado por la Rep\u00fablica de Cuba, el excelent\u00edsimo se\u00f1or Jorge Luis Mayo Fern\u00e1ndez. Mayo Fern\u00e1ndez, quien es Licenciado en Relaciones Pol\u00edticas Internacionales y domina el [&hellip;]<\/p>\n","protected":false},"author":1,"featured_media":24721,"comment_status":"open","ping_status":"open","sticky":false,"template":"","format":"standard","meta":{"footnotes":""},"categories":[18,7],"tags":[],"class_list":["post-24719","post","type-post","status-publish","format-standard","has-post-thumbnail","hentry","category-noticias-principales","category-notas-de-prensa"],"_links":{"self":[{"href":"https:\/\/prensapresidencialvenezuela.gob.ve\/index.php\/wp-json\/wp\/v2\/posts\/24719","targetHints":{"allow":["GET"]}}],"collection":[{"href":"https:\/\/prensapresidencialvenezuela.gob.ve\/index.php\/wp-json\/wp\/v2\/posts"}],"about":[{"href":"https:\/\/prensapresidencialvenezuela.gob.ve\/index.php\/wp-json\/wp\/v2\/types\/post"}],"author":[{"embeddable":true,"href":"https:\/\/prensapresidencialvenezuela.gob.ve\/index.php\/wp-json\/wp\/v2\/users\/1"}],"replies":[{"embeddable":true,"href":"https:\/\/prensapresidencialvenezuela.gob.ve\/index.php\/wp-json\/wp\/v2\/comments?post=24719"}],"version-history":[{"count":1,"href":"https:\/\/prensapresidencialvenezuela.gob.ve\/index.php\/wp-json\/wp\/v2\/posts\/24719\/revisions"}],"predecessor-version":[{"id":24724,"href":"https:\/\/prensapresidencialvenezuela.gob.ve\/index.php\/wp-json\/wp\/v2\/posts\/24719\/revisions\/24724"}],"wp:featuredmedia":[{"embeddable":true,"href":"https:\/\/prensapresidencialvenezuela.gob.ve\/index.php\/wp-json\/wp\/v2\/media\/24721"}],"wp:attachment":[{"href":"https:\/\/prensapresidencialvenezuela.gob.ve\/index.php\/wp-json\/wp\/v2\/media?parent=24719"}],"wp:term":[{"taxonomy":"category","embeddable":true,"href":"https:\/\/prensapresidencialvenezuela.gob.ve\/index.php\/wp-json\/wp\/v2\/categories?post=24719"},{"taxonomy":"post_tag","embeddable":true,"href":"https:\/\/prensapresidencialvenezuela.gob.ve\/index.php\/wp-json\/wp\/v2\/tags?post=24719"}],"curies":[{"name":"wp","href":"https:\/\/api.w.org\/{rel}","templated":true}]}}