{"id":24725,"date":"2025-10-21T20:14:13","date_gmt":"2025-10-22T00:14:13","guid":{"rendered":"https:\/\/prensapresidencialvenezuela.gob.ve\/?p=24725"},"modified":"2025-10-21T20:14:14","modified_gmt":"2025-10-22T00:14:14","slug":"venezuela-y-libano-profundizan-relacion-bilateral-con-la-presentacion-de-cartas-credenciales-de-la-embajadora-nisrine-boukaram","status":"publish","type":"post","link":"https:\/\/prensapresidencialvenezuela.gob.ve\/index.php\/2025\/10\/21\/venezuela-y-libano-profundizan-relacion-bilateral-con-la-presentacion-de-cartas-credenciales-de-la-embajadora-nisrine-boukaram\/","title":{"rendered":"Venezuela y L\u00edbano profundizan relaci\u00f3n bilateral con la presentaci\u00f3n de cartas credenciales de la embajadora Nisrine Boukaram"},"content":{"rendered":"\n<p><strong>Complejo Miraflores, Caracas.-<\/strong> El presidente de la Rep\u00fablica Bolivariana de Venezuela, Nicol\u00e1s Maduro Moros, recibe este martes en el Complejo de Miraflores, en Caracas, las cartas credenciales de la embajadora designada por la Rep\u00fablica Libanesa ante Venezuela, la excelent\u00edsima se\u00f1ora Nisrine Boukaram.<\/p>\n\n\n\n<p>El acto formal cuenta con la presencia del ministro del Poder Popular de Relaciones Exteriores de Venezuela, Yv\u00e1n Gil; del Secretario Ejecutivo del Alianza Bolivariana para los Pueblos de Nuestra Am\u00e9rica (ALBA-TCP), Rander Pe\u00f1a, entre otras autoridades. La embajadora Boukaram previamente present\u00f3 copias de estilo al canciller Gil el 10 de octubre de 2025, y con la entrega ante el Mandatario nacional, oficializa con esta ceremonia su misi\u00f3n diplom\u00e1tica en el pa\u00eds.<\/p>\n\n\n\n<p>Nisrine Boukaram posee una distinguida trayectoria en el servicio exterior liban\u00e9s desde febrero de 2008. Su s\u00f3lida formaci\u00f3n acad\u00e9mica incluye una licenciatura en Ciencias Pol\u00edticas y dos maestr\u00edas, una en Derechos Humanos y Democratizaci\u00f3n y otra en Derechos del Ni\u00f1o.<\/p>\n\n\n\n<p>Entre sus responsabilidades diplom\u00e1ticas previas, la embajadora sirvi\u00f3 como segunda secretaria\/ funcionaria pol\u00edtica en la Embajada del L\u00edbano en Catar y ocup\u00f3 los cargos de primera secretaria y encargada de negocios en Kuwait.<\/p>\n\n\n\n<p>La recepci\u00f3n de las credenciales de Boukaram reafirma los hist\u00f3ricos lazos culturales y de amistad que unen a Venezuela y L\u00edbano, y sienta las bases para el fortalecimiento de la cooperaci\u00f3n en \u00e1reas de inter\u00e9s mutuo.<\/p>\n\n\n\n<figure class=\"wp-block-gallery has-nested-images columns-default is-cropped wp-block-gallery-1 is-layout-flex wp-block-gallery-is-layout-flex\">\n<figure class=\"wp-block-image size-large\"><img fetchpriority=\"high\" decoding=\"async\" width=\"1024\" height=\"683\" data-id=\"24729\" src=\"https:\/\/prensapresidencialvenezuela.gob.ve\/wp-content\/uploads\/2025\/10\/04__O__5981_P-1024x683.jpg\" alt=\"\" class=\"wp-image-24729\" srcset=\"https:\/\/prensapresidencialvenezuela.gob.ve\/wp-content\/uploads\/2025\/10\/04__O__5981_P-1024x683.jpg 1024w, https:\/\/prensapresidencialvenezuela.gob.ve\/wp-content\/uploads\/2025\/10\/04__O__5981_P-300x200.jpg 300w, https:\/\/prensapresidencialvenezuela.gob.ve\/wp-content\/uploads\/2025\/10\/04__O__5981_P-768x512.jpg 768w, https:\/\/prensapresidencialvenezuela.gob.ve\/wp-content\/uploads\/2025\/10\/04__O__5981_P-1536x1024.jpg 1536w, https:\/\/prensapresidencialvenezuela.gob.ve\/wp-content\/uploads\/2025\/10\/04__O__5981_P-2048x1365.jpg 2048w\" sizes=\"(max-width: 1024px) 100vw, 1024px\" \/><\/figure>\n\n\n\n<figure class=\"wp-block-image size-large\"><img decoding=\"async\" width=\"996\" height=\"1024\" data-id=\"24727\" src=\"https:\/\/prensapresidencialvenezuela.gob.ve\/wp-content\/uploads\/2025\/10\/04_ZC_L5275_P-996x1024.jpg\" alt=\"\" class=\"wp-image-24727\" srcset=\"https:\/\/prensapresidencialvenezuela.gob.ve\/wp-content\/uploads\/2025\/10\/04_ZC_L5275_P-996x1024.jpg 996w, https:\/\/prensapresidencialvenezuela.gob.ve\/wp-content\/uploads\/2025\/10\/04_ZC_L5275_P-292x300.jpg 292w, https:\/\/prensapresidencialvenezuela.gob.ve\/wp-content\/uploads\/2025\/10\/04_ZC_L5275_P-768x789.jpg 768w, https:\/\/prensapresidencialvenezuela.gob.ve\/wp-content\/uploads\/2025\/10\/04_ZC_L5275_P-1495x1536.jpg 1495w, https:\/\/prensapresidencialvenezuela.gob.ve\/wp-content\/uploads\/2025\/10\/04_ZC_L5275_P.jpg 1946w\" sizes=\"(max-width: 996px) 100vw, 996px\" \/><\/figure>\n\n\n\n<figure class=\"wp-block-image size-large\"><img decoding=\"async\" width=\"1024\" height=\"683\" data-id=\"24728\" src=\"https:\/\/prensapresidencialvenezuela.gob.ve\/wp-content\/uploads\/2025\/10\/05__O__5807_P-1024x683.jpg\" alt=\"\" class=\"wp-image-24728\" srcset=\"https:\/\/prensapresidencialvenezuela.gob.ve\/wp-content\/uploads\/2025\/10\/05__O__5807_P-1024x683.jpg 1024w, https:\/\/prensapresidencialvenezuela.gob.ve\/wp-content\/uploads\/2025\/10\/05__O__5807_P-300x200.jpg 300w, https:\/\/prensapresidencialvenezuela.gob.ve\/wp-content\/uploads\/2025\/10\/05__O__5807_P-768x512.jpg 768w, https:\/\/prensapresidencialvenezuela.gob.ve\/wp-content\/uploads\/2025\/10\/05__O__5807_P-1536x1024.jpg 1536w, https:\/\/prensapresidencialvenezuela.gob.ve\/wp-content\/uploads\/2025\/10\/05__O__5807_P-2048x1365.jpg 2048w\" sizes=\"(max-width: 1024px) 100vw, 1024px\" \/><\/figure>\n\n\n\n<figure class=\"wp-block-image size-large\"><img loading=\"lazy\" decoding=\"async\" width=\"1024\" height=\"817\" data-id=\"24730\" src=\"https:\/\/prensapresidencialvenezuela.gob.ve\/wp-content\/uploads\/2025\/10\/05_ZC_L5285_P-1024x817.jpg\" alt=\"\" class=\"wp-image-24730\" srcset=\"https:\/\/prensapresidencialvenezuela.gob.ve\/wp-content\/uploads\/2025\/10\/05_ZC_L5285_P-1024x817.jpg 1024w, https:\/\/prensapresidencialvenezuela.gob.ve\/wp-content\/uploads\/2025\/10\/05_ZC_L5285_P-300x239.jpg 300w, https:\/\/prensapresidencialvenezuela.gob.ve\/wp-content\/uploads\/2025\/10\/05_ZC_L5285_P-768x613.jpg 768w, https:\/\/prensapresidencialvenezuela.gob.ve\/wp-content\/uploads\/2025\/10\/05_ZC_L5285_P-1536x1225.jpg 1536w, https:\/\/prensapresidencialvenezuela.gob.ve\/wp-content\/uploads\/2025\/10\/05_ZC_L5285_P-2048x1634.jpg 2048w\" sizes=\"(max-width: 1024px) 100vw, 1024px\" \/><\/figure>\n<\/figure>\n\n\n\n<p><strong>Prensa Presidencial \/ Iliana Rosales<\/strong><\/p>\n","protected":false},"excerpt":{"rendered":"<p>Complejo Miraflores, Caracas.- El presidente de la Rep\u00fablica Bolivariana de Venezuela, Nicol\u00e1s Maduro Moros, recibe este martes en el Complejo de Miraflores, en Caracas, las cartas credenciales de la embajadora designada por la Rep\u00fablica Libanesa ante Venezuela, la excelent\u00edsima se\u00f1ora Nisrine Boukaram. El acto formal cuenta con la presencia del ministro del Poder Popular de [&hellip;]<\/p>\n","protected":false},"author":1,"featured_media":24726,"comment_status":"open","ping_status":"open","sticky":false,"template":"","format":"standard","meta":{"footnotes":""},"categories":[18,7],"tags":[],"class_list":["post-24725","post","type-post","status-publish","format-standard","has-post-thumbnail","hentry","category-noticias-principales","category-notas-de-prensa"],"_links":{"self":[{"href":"https:\/\/prensapresidencialvenezuela.gob.ve\/index.php\/wp-json\/wp\/v2\/posts\/24725","targetHints":{"allow":["GET"]}}],"collection":[{"href":"https:\/\/prensapresidencialvenezuela.gob.ve\/index.php\/wp-json\/wp\/v2\/posts"}],"about":[{"href":"https:\/\/prensapresidencialvenezuela.gob.ve\/index.php\/wp-json\/wp\/v2\/types\/post"}],"author":[{"embeddable":true,"href":"https:\/\/prensapresidencialvenezuela.gob.ve\/index.php\/wp-json\/wp\/v2\/users\/1"}],"replies":[{"embeddable":true,"href":"https:\/\/prensapresidencialvenezuela.gob.ve\/index.php\/wp-json\/wp\/v2\/comments?post=24725"}],"version-history":[{"count":1,"href":"https:\/\/prensapresidencialvenezuela.gob.ve\/index.php\/wp-json\/wp\/v2\/posts\/24725\/revisions"}],"predecessor-version":[{"id":24731,"href":"https:\/\/prensapresidencialvenezuela.gob.ve\/index.php\/wp-json\/wp\/v2\/posts\/24725\/revisions\/24731"}],"wp:featuredmedia":[{"embeddable":true,"href":"https:\/\/prensapresidencialvenezuela.gob.ve\/index.php\/wp-json\/wp\/v2\/media\/24726"}],"wp:attachment":[{"href":"https:\/\/prensapresidencialvenezuela.gob.ve\/index.php\/wp-json\/wp\/v2\/media?parent=24725"}],"wp:term":[{"taxonomy":"category","embeddable":true,"href":"https:\/\/prensapresidencialvenezuela.gob.ve\/index.php\/wp-json\/wp\/v2\/categories?post=24725"},{"taxonomy":"post_tag","embeddable":true,"href":"https:\/\/prensapresidencialvenezuela.gob.ve\/index.php\/wp-json\/wp\/v2\/tags?post=24725"}],"curies":[{"name":"wp","href":"https:\/\/api.w.org\/{rel}","templated":true}]}}