{"id":24733,"date":"2025-10-22T17:55:09","date_gmt":"2025-10-22T21:55:09","guid":{"rendered":"https:\/\/prensapresidencialvenezuela.gob.ve\/?p=24733"},"modified":"2025-10-22T17:55:10","modified_gmt":"2025-10-22T21:55:10","slug":"jefe-de-estado-visita-instalaciones-del-liceo-militar-general-del-pueblo-soberano-ezequiel-zamora","status":"publish","type":"post","link":"https:\/\/prensapresidencialvenezuela.gob.ve\/index.php\/2025\/10\/22\/jefe-de-estado-visita-instalaciones-del-liceo-militar-general-del-pueblo-soberano-ezequiel-zamora\/","title":{"rendered":"Jefe de Estado visita instalaciones del Liceo Militar General del Pueblo Soberano Ezequiel Zamora"},"content":{"rendered":"\n<p><strong>Fuerte Tiuna, Caracas. &#8211;<\/strong><strong> <\/strong>Como parte de las iniciativas que realiza el Gobierno Bolivariano, a trav\u00e9s del OBRAT\u00d3N y el fortalecimiento del Plan de las 7 Transformaciones, el presidente de la Rep\u00fablica Bolivariana de Venezuela, Nicol\u00e1s Maduro Moros, realiza una visita a las instalaciones del Liceo Militar General del Pueblo Soberano Ezequiel Zamora.<\/p>\n\n\n\n<p>Esta actividad tambi\u00e9n se realiza a prop\u00f3sito del relanzamiento de la Gran Misi\u00f3n Negro Primero, programa orientado al fortalecimiento operativo y social de la Fuerza Armada Nacional Bolivariana (FANB), as\u00ed como del Sistema de la Educaci\u00f3n Nacional.<\/p>\n\n\n\n<p>En esta l\u00ednea, es importante mencionar que esta destacada misi\u00f3n cumpli\u00f3 12 a\u00f1os de creaci\u00f3n el pasado 16 de octubre, con una iniciativa dise\u00f1ada para fortalecer a la instituci\u00f3n militar desde adentro, asegurando el bienestar de sus miembros y optimizando su capacidad operativa, incluyendo los aspectos relacionados con su formaci\u00f3n y capacitaci\u00f3n interna; todo basado en la 3.<sup>a<\/sup> Transformaci\u00f3n del Plan de Patria.<\/p>\n\n\n\n<p>Esta misi\u00f3n comprende cuatro (4) v\u00e9rtices, que incluyen el tema educativo y se centran en:<\/p>\n\n\n\n<p><strong>Bienestar Social y Seguridad Social<\/strong>: Este con el fin de proporcionar atenci\u00f3n integral en \u00e1reas claves como vivienda, salud, recreaci\u00f3n y cr\u00e9ditos para los miembros de la FANB.<\/p>\n\n\n\n<p><strong>Equipamiento y Mantenimiento:<\/strong> Asegurar la dotaci\u00f3n y el mantenimiento adecuado, para la Fuerza Armada Nacional Bolivariana.<\/p>\n\n\n\n<p><strong>Infraestructura:<\/strong> Mejorar las instalaciones militares.<\/p>\n\n\n\n<p><strong>Educaci\u00f3n Militar:<\/strong> El aspecto educativo de la misi\u00f3n se dirige espec\u00edficamente al desarrollo y equipamiento de las instituciones de formaci\u00f3n militar, como la Universidad Militar y sus academias.&nbsp;<\/p>\n\n\n\n<p>Por otra parte, su relaci\u00f3n con el Sistema de Educaci\u00f3n Nacional, aborda todo lo que est\u00e1 relacionado espec\u00edficamente a la esfera de los centros educativos de formaci\u00f3n militar, ya que la Fuerza Armada Nacional Bolivariana contin\u00faa su proceso de modernizaci\u00f3n y transformaci\u00f3n, adem\u00e1s del fortalecimiento de la disciplina y la formaci\u00f3n.<\/p>\n\n\n\n<p><strong>Liceo militar creado bajo la Doctrina Bolivariana<\/strong><\/p>\n\n\n\n<p>Este liceo ha sido sede de eventos importantes y ha participado en diversas actividades militares y educativas, que incluyen: Olimpiadas de Rob\u00f3tica Creativa, que celebr\u00f3 su etapa nacional en agosto de 2025; Jornadas de Instrucci\u00f3n, que se efectuaron en el mes de junio y octubre del presente a\u00f1o.<\/p>\n\n\n\n<p>La formaci\u00f3n de esta nueva generaci\u00f3n, est\u00e1 basada en el pensamiento del Libertador Sim\u00f3n Bol\u00edvar, que est\u00e1 centrado en la unidad de Am\u00e9rica Latina, la independencia, la soberan\u00eda nacional, la justicia social, la igualdad y la democracia.<\/p>\n\n\n\n<p>En contexto, en esta comunidad estudiantil tambi\u00e9n se realiz\u00f3 una rehabilitaci\u00f3n en abril del a\u00f1o en curso, para dar continuidad a las instrucciones emanadas del Gobierno Bolivariano y de esta manera optimizar las \u00e1reas de las aulas, cocina, direcci\u00f3n, oficinas administrativas, laboratorios, auditorio, biblioteca, vivero, enfermer\u00eda, entre otras, para el beneficio de m\u00e1s de 520 estudiantes de educaci\u00f3n media general.<\/p>\n\n\n\n<p>Aunado a ello, en este centro educativo, conforme pasan los periodos acad\u00e9micos, un comit\u00e9 selecciona al personal de alumnos m\u00e1s destacado para concederles una jerarqu\u00eda, que dependiendo de su a\u00f1o var\u00eda, siendo de primer a cuarto distinguidos y en quinto a\u00f1o se a\u00f1ade una nueva rama de escalafones, los llamados \u00abClase\u00bb o \u00abBrigadieres\u00bb, que son vitales para el correcto funcionamiento del liceo, garantizando el orden en las instalaciones, junto a los distinguidos, que se encargan de \u00fanicamente su secci\u00f3n, manteni\u00e9ndola en \u00f3ptimas condiciones y en orden.<\/p>\n\n\n\n<p><strong>Prensa Presidencial\/ Irmary D\u00edaz<\/strong><\/p>\n","protected":false},"excerpt":{"rendered":"<p>Fuerte Tiuna, Caracas. &#8211; Como parte de las iniciativas que realiza el Gobierno Bolivariano, a trav\u00e9s del OBRAT\u00d3N y el fortalecimiento del Plan de las 7 Transformaciones, el presidente de la Rep\u00fablica Bolivariana de Venezuela, Nicol\u00e1s Maduro Moros, realiza una visita a las instalaciones del Liceo Militar General del Pueblo Soberano Ezequiel Zamora. Esta actividad [&hellip;]<\/p>\n","protected":false},"author":1,"featured_media":24734,"comment_status":"open","ping_status":"open","sticky":false,"template":"","format":"standard","meta":{"footnotes":""},"categories":[18,7],"tags":[],"class_list":["post-24733","post","type-post","status-publish","format-standard","has-post-thumbnail","hentry","category-noticias-principales","category-notas-de-prensa"],"_links":{"self":[{"href":"https:\/\/prensapresidencialvenezuela.gob.ve\/index.php\/wp-json\/wp\/v2\/posts\/24733","targetHints":{"allow":["GET"]}}],"collection":[{"href":"https:\/\/prensapresidencialvenezuela.gob.ve\/index.php\/wp-json\/wp\/v2\/posts"}],"about":[{"href":"https:\/\/prensapresidencialvenezuela.gob.ve\/index.php\/wp-json\/wp\/v2\/types\/post"}],"author":[{"embeddable":true,"href":"https:\/\/prensapresidencialvenezuela.gob.ve\/index.php\/wp-json\/wp\/v2\/users\/1"}],"replies":[{"embeddable":true,"href":"https:\/\/prensapresidencialvenezuela.gob.ve\/index.php\/wp-json\/wp\/v2\/comments?post=24733"}],"version-history":[{"count":1,"href":"https:\/\/prensapresidencialvenezuela.gob.ve\/index.php\/wp-json\/wp\/v2\/posts\/24733\/revisions"}],"predecessor-version":[{"id":24735,"href":"https:\/\/prensapresidencialvenezuela.gob.ve\/index.php\/wp-json\/wp\/v2\/posts\/24733\/revisions\/24735"}],"wp:featuredmedia":[{"embeddable":true,"href":"https:\/\/prensapresidencialvenezuela.gob.ve\/index.php\/wp-json\/wp\/v2\/media\/24734"}],"wp:attachment":[{"href":"https:\/\/prensapresidencialvenezuela.gob.ve\/index.php\/wp-json\/wp\/v2\/media?parent=24733"}],"wp:term":[{"taxonomy":"category","embeddable":true,"href":"https:\/\/prensapresidencialvenezuela.gob.ve\/index.php\/wp-json\/wp\/v2\/categories?post=24733"},{"taxonomy":"post_tag","embeddable":true,"href":"https:\/\/prensapresidencialvenezuela.gob.ve\/index.php\/wp-json\/wp\/v2\/tags?post=24733"}],"curies":[{"name":"wp","href":"https:\/\/api.w.org\/{rel}","templated":true}]}}