{"id":24744,"date":"2025-10-22T18:39:44","date_gmt":"2025-10-22T22:39:44","guid":{"rendered":"https:\/\/prensapresidencialvenezuela.gob.ve\/?p=24744"},"modified":"2025-10-22T18:39:45","modified_gmt":"2025-10-22T22:39:45","slug":"presidente-maduro-insta-a-la-juventud-a-tener-conciencia-critica-ante-el-uso-de-las-redes-sociales","status":"publish","type":"post","link":"https:\/\/prensapresidencialvenezuela.gob.ve\/index.php\/2025\/10\/22\/presidente-maduro-insta-a-la-juventud-a-tener-conciencia-critica-ante-el-uso-de-las-redes-sociales\/","title":{"rendered":"Presidente Maduro insta a la juventud a tener conciencia cr\u00edtica ante el uso de las redes sociales"},"content":{"rendered":"\n<p><strong>Fuerte Tiuna, Caracas.-<\/strong> El presidente de la Rep\u00fablica Bolivariana de Venezuela, Nicol\u00e1s Maduro Moros, inst\u00f3 a la juventud venezolana a no dejarse manipular por las redes sociales.<\/p>\n\n\n\n<p>Durante la entrega de nuevas \u00e1reas de formaci\u00f3n en el Liceo Militar General del Pueblo Soberano Ezequiel Zamora, ubicada en Fuerte Tiuna, el Mandatario Nacional denunci\u00f3 que la derecha mundial \u00abcree que pueden manipular a las juventudes del mundo, a trav\u00e9s de las redes sociales, y hacer con la juventud lo que les d\u00e9 la gana\u00bb, expres\u00f3 con preocupaci\u00f3n.<\/p>\n\n\n\n<p>Record\u00f3 las tragedias y muertes que ocasionaron los retos virales, en la conocida red Tik Tok, que afect\u00f3 a j\u00f3venes entre los 13 y 14 a\u00f1os de edad y por ello pidi\u00f3 a la juventud del pa\u00eds a no dejarse manipular por las redes sociales, porque a su juicio quieren condicionar la conducta de las personas.<\/p>\n\n\n\n<p>\u00abQue nadie se deje manipular por las redes sociales. \u00bfQu\u00e9 quieren? Ellos creen que pueden condicionar la conducta de la gente, \u00bfno? Conciencia cr\u00edtica, creen que pueden condicionar la conducta de la gente, \u00bfno? Conciencia cr\u00edtica, muchachadas de Venezuela. Estudiantes de Venezuela, conciencia cr\u00edtica frente a los que quieren imponer cosas, extra\u00f1as\u00bb, precis\u00f3 ante los estudiantes y autoridades presentes.<\/p>\n\n\n\n<p><strong>Juventud de Estados Unidos en peligro<\/strong><\/p>\n\n\n\n<p>El Jefe de Estado venezolano aprovech\u00f3 el encuentro con el estudiantado militar venezolano para traer como ejemplo algunas realidades de la juventud de Estados Unidos. \u00abF\u00edjense el desastre que hay en Estados Unidos, doloroso. Yo siempre le pido a Dios que sane el alma de la juventud y del pueblo de Estados Unidos. La adicci\u00f3n a las drogas crecientes, la violencia, cualquiera tiene un fusil y llega a una escuela y mata a un gent\u00edo\u00bb, precis\u00f3.<\/p>\n\n\n\n<p>Insisti\u00f3 en que los j\u00f3venes de Venezuela son la generaci\u00f3n genial que puede transformar este mundo.<\/p>\n\n\n\n<p><strong>Prensa Presidencial\/ Claudia Guerra M\u00e9ndez<\/strong><\/p>\n","protected":false},"excerpt":{"rendered":"<p>Fuerte Tiuna, Caracas.- El presidente de la Rep\u00fablica Bolivariana de Venezuela, Nicol\u00e1s Maduro Moros, inst\u00f3 a la juventud venezolana a no dejarse manipular por las redes sociales. Durante la entrega de nuevas \u00e1reas de formaci\u00f3n en el Liceo Militar General del Pueblo Soberano Ezequiel Zamora, ubicada en Fuerte Tiuna, el Mandatario Nacional denunci\u00f3 que la [&hellip;]<\/p>\n","protected":false},"author":1,"featured_media":24745,"comment_status":"open","ping_status":"open","sticky":false,"template":"","format":"standard","meta":{"footnotes":""},"categories":[18,7],"tags":[],"class_list":["post-24744","post","type-post","status-publish","format-standard","has-post-thumbnail","hentry","category-noticias-principales","category-notas-de-prensa"],"_links":{"self":[{"href":"https:\/\/prensapresidencialvenezuela.gob.ve\/index.php\/wp-json\/wp\/v2\/posts\/24744","targetHints":{"allow":["GET"]}}],"collection":[{"href":"https:\/\/prensapresidencialvenezuela.gob.ve\/index.php\/wp-json\/wp\/v2\/posts"}],"about":[{"href":"https:\/\/prensapresidencialvenezuela.gob.ve\/index.php\/wp-json\/wp\/v2\/types\/post"}],"author":[{"embeddable":true,"href":"https:\/\/prensapresidencialvenezuela.gob.ve\/index.php\/wp-json\/wp\/v2\/users\/1"}],"replies":[{"embeddable":true,"href":"https:\/\/prensapresidencialvenezuela.gob.ve\/index.php\/wp-json\/wp\/v2\/comments?post=24744"}],"version-history":[{"count":1,"href":"https:\/\/prensapresidencialvenezuela.gob.ve\/index.php\/wp-json\/wp\/v2\/posts\/24744\/revisions"}],"predecessor-version":[{"id":24746,"href":"https:\/\/prensapresidencialvenezuela.gob.ve\/index.php\/wp-json\/wp\/v2\/posts\/24744\/revisions\/24746"}],"wp:featuredmedia":[{"embeddable":true,"href":"https:\/\/prensapresidencialvenezuela.gob.ve\/index.php\/wp-json\/wp\/v2\/media\/24745"}],"wp:attachment":[{"href":"https:\/\/prensapresidencialvenezuela.gob.ve\/index.php\/wp-json\/wp\/v2\/media?parent=24744"}],"wp:term":[{"taxonomy":"category","embeddable":true,"href":"https:\/\/prensapresidencialvenezuela.gob.ve\/index.php\/wp-json\/wp\/v2\/categories?post=24744"},{"taxonomy":"post_tag","embeddable":true,"href":"https:\/\/prensapresidencialvenezuela.gob.ve\/index.php\/wp-json\/wp\/v2\/tags?post=24744"}],"curies":[{"name":"wp","href":"https:\/\/api.w.org\/{rel}","templated":true}]}}