{"id":24754,"date":"2025-10-22T19:53:52","date_gmt":"2025-10-22T23:53:52","guid":{"rendered":"https:\/\/prensapresidencialvenezuela.gob.ve\/?p=24754"},"modified":"2025-10-22T19:53:53","modified_gmt":"2025-10-22T23:53:53","slug":"venezuela-es-una-tierra-de-santos-y-libertadores","status":"publish","type":"post","link":"https:\/\/prensapresidencialvenezuela.gob.ve\/index.php\/2025\/10\/22\/venezuela-es-una-tierra-de-santos-y-libertadores\/","title":{"rendered":"Venezuela es una tierra de santos y libertadores"},"content":{"rendered":"\n<p><strong>Fuerte Tiuna, Caracas.<\/strong> &#8211; El presidente de la Rep\u00fablica Bolivariana de Venezuela, <strong>Nicol\u00e1s Maduro<\/strong>, elev\u00f3 su llamado pol\u00edtico y espiritual para defender la identidad nacional, asegurando que la verdadera esencia de la Patria reside en la fe, la honestidad y los valores de su pueblo, desmarc\u00e1ndose de las narrativas que buscan estigmatizar a la naci\u00f3n ante el mundo.<\/p>\n\n\n\n<p>En su alocuci\u00f3n desde una nueva jornada de OBRAT\u00d3N, el Jefe de Estado enf\u00e1ticamente desminti\u00f3 cualquier idea de superioridad, contrastando el esp\u00edritu venezolano con las tendencias supremacistas globales:<\/p>\n\n\n\n<p>\u00abYo respeto a todos los pa\u00edses del mundo. Por ning\u00fan segundo le puede pasar a nadie por la mente que nosotros tenemos una idea supremacista, no. Estamos bien lejos de lo supremacista. <strong>Nosotros lo que tenemos es amor por lo nuestro<\/strong>.\u00bb<\/p>\n\n\n\n<p><strong>La revelaci\u00f3n espiritual de los Santos de la Patria<\/strong><\/p>\n\n\n\n<p>El Mandatario centr\u00f3 su mensaje en la reciente <strong>doble canonizaci\u00f3n<\/strong> de figuras hist\u00f3ricas: el <strong>Dr. San Jos\u00e9 Gregorio Hern\u00e1ndez<\/strong>, a quien calific\u00f3 como el \u00abM\u00e9dico de los Pobres, el fundador de la medicina social\u00bb, y la <strong>Santa Madre Carmen Rendiles Mart\u00ednez<\/strong>.<\/p>\n\n\n\n<p>El Presidente Maduro destac\u00f3 que este evento marca un punto de inflexi\u00f3n en el autodescubrimiento nacional: \u00abFue un d\u00eda de gozo espiritual, de autodescubrimiento, de decirle al mundo lo que somos\u00bb.<\/p>\n\n\n\n<p>Ante las acusaciones y campa\u00f1as difamatorias en su contra, el Presidente fue contundente:<\/p>\n\n\n\n<p>\u00abNo me cansar\u00e9 ni un segundo frente a los supremacistas que acusan al pueblo de Venezuela de ser un pueblo de locos [o] delincuentes del &#8216;Tren de Aragua&#8217;. Est\u00e1n bien equivocados. Nuestro pueblo es de <strong>San Jos\u00e9 Gregorio Hern\u00e1ndez<\/strong>, de la <strong>Madre Santa Carmen Rendiles<\/strong>, de <strong>Sim\u00f3n Bol\u00edvar<\/strong>; es un pueblo de <strong>santos, santas, sabios y libertadores<\/strong>. \u00a1Es la venezolanidad!\u00bb<\/p>\n\n\n\n<p><strong>Denuncia de Fascismo y Rescate de la Dignidad<\/strong><\/p>\n\n\n\n<p>En el plano de la pol\u00edtica exterior, el l\u00edder Bolivariano elev\u00f3 una denuncia contra los sectores fascistas que, a su juicio, promueven mensajes negativos y una abierta injerencia militar contra una naci\u00f3n de paz.<\/p>\n\n\n\n<p>El Jefe de Estado repudi\u00f3 la actitud de quienes aplaudieron el secuestro masivo de venezolanos en el extranjero, reivindicando la acci\u00f3n humanitaria del Gobierno:<\/p>\n\n\n\n<p>\u00abHubo gente demon\u00edaca que salieron a aplaudir y apoyar eso&#8230; y nosotros salimos a rescatar a estos muchachos porque eran inocentes y los rescatamos. As\u00ed fue, <strong>252 muchachos que regresaron a la Patria<\/strong> a trabajar, estudiar, a ayudar a su familia.\u00bb<\/p>\n\n\n\n<p>El Presidente culmin\u00f3 con un llamado a la unidad incondicional en torno a los valores nacionales y la soberan\u00eda patria, defendiendo la dignidad del venezolano: \u00ab\u00a1Basta ya de campa\u00f1as sucias en contra de Venezuela! <strong>Defendamos la venezolanidad profunda de un pueblo ch\u00e9vere.<\/strong> Le digo a los imperios que lo nuestro es como es: <strong>soberano [y] patriota<\/strong>\u00bb.<\/p>\n\n\n\n<p><strong>Prensa Presidencial\/ Luis Tavera<\/strong><\/p>\n","protected":false},"excerpt":{"rendered":"<p>Fuerte Tiuna, Caracas. &#8211; El presidente de la Rep\u00fablica Bolivariana de Venezuela, Nicol\u00e1s Maduro, elev\u00f3 su llamado pol\u00edtico y espiritual para defender la identidad nacional, asegurando que la verdadera esencia de la Patria reside en la fe, la honestidad y los valores de su pueblo, desmarc\u00e1ndose de las narrativas que buscan estigmatizar a la naci\u00f3n [&hellip;]<\/p>\n","protected":false},"author":1,"featured_media":24755,"comment_status":"open","ping_status":"open","sticky":false,"template":"","format":"standard","meta":{"footnotes":""},"categories":[18,7],"tags":[],"class_list":["post-24754","post","type-post","status-publish","format-standard","has-post-thumbnail","hentry","category-noticias-principales","category-notas-de-prensa"],"_links":{"self":[{"href":"https:\/\/prensapresidencialvenezuela.gob.ve\/index.php\/wp-json\/wp\/v2\/posts\/24754","targetHints":{"allow":["GET"]}}],"collection":[{"href":"https:\/\/prensapresidencialvenezuela.gob.ve\/index.php\/wp-json\/wp\/v2\/posts"}],"about":[{"href":"https:\/\/prensapresidencialvenezuela.gob.ve\/index.php\/wp-json\/wp\/v2\/types\/post"}],"author":[{"embeddable":true,"href":"https:\/\/prensapresidencialvenezuela.gob.ve\/index.php\/wp-json\/wp\/v2\/users\/1"}],"replies":[{"embeddable":true,"href":"https:\/\/prensapresidencialvenezuela.gob.ve\/index.php\/wp-json\/wp\/v2\/comments?post=24754"}],"version-history":[{"count":1,"href":"https:\/\/prensapresidencialvenezuela.gob.ve\/index.php\/wp-json\/wp\/v2\/posts\/24754\/revisions"}],"predecessor-version":[{"id":24756,"href":"https:\/\/prensapresidencialvenezuela.gob.ve\/index.php\/wp-json\/wp\/v2\/posts\/24754\/revisions\/24756"}],"wp:featuredmedia":[{"embeddable":true,"href":"https:\/\/prensapresidencialvenezuela.gob.ve\/index.php\/wp-json\/wp\/v2\/media\/24755"}],"wp:attachment":[{"href":"https:\/\/prensapresidencialvenezuela.gob.ve\/index.php\/wp-json\/wp\/v2\/media?parent=24754"}],"wp:term":[{"taxonomy":"category","embeddable":true,"href":"https:\/\/prensapresidencialvenezuela.gob.ve\/index.php\/wp-json\/wp\/v2\/categories?post=24754"},{"taxonomy":"post_tag","embeddable":true,"href":"https:\/\/prensapresidencialvenezuela.gob.ve\/index.php\/wp-json\/wp\/v2\/tags?post=24754"}],"curies":[{"name":"wp","href":"https:\/\/api.w.org\/{rel}","templated":true}]}}