{"id":24760,"date":"2025-10-22T20:23:10","date_gmt":"2025-10-23T00:23:10","guid":{"rendered":"https:\/\/prensapresidencialvenezuela.gob.ve\/?p=24760"},"modified":"2025-10-22T20:23:10","modified_gmt":"2025-10-23T00:23:10","slug":"presidente-maduro-aprobo-la-creacion-de-un-nuevo-complejo-educativo-integral-en-el-23-de-enero","status":"publish","type":"post","link":"https:\/\/prensapresidencialvenezuela.gob.ve\/index.php\/2025\/10\/22\/presidente-maduro-aprobo-la-creacion-de-un-nuevo-complejo-educativo-integral-en-el-23-de-enero\/","title":{"rendered":"Presidente Maduro aprob\u00f3 la creaci\u00f3n de un nuevo Complejo Educativo Integral en el 23 de Enero"},"content":{"rendered":"\n<p><strong>23 de Enero, Caracas.-<\/strong> El presidente de la Rep\u00fablica Bolivariana de Venezuela, Nicol\u00e1s Maduro, anunci\u00f3 este mi\u00e9rcoles la creaci\u00f3n de un nuevo Complejo Educativo Integral en el 23 de Enero, Caracas, que estar\u00e1 adscrito a la Guardia de Honor Presidencial (GHP). El anuncio se hizo durante una transmisi\u00f3n del balance de la Gran Misi\u00f3n Negro Primero, efectuada desde el Liceo Militar General del Pueblo Soberano Ezequiel Zamora.<\/p>\n\n\n\n<p>El Mandatario Nacional tom\u00f3 la decisi\u00f3n luego de recibir \u2014a trav\u00e9s de un pase satelital con el Jefe de Gobierno de Caracas, Nahum Fern\u00e1ndez\u2014 un balance sobre la recuperaci\u00f3n total del Centro Integral de Educaci\u00f3n Inicial (CEIN) El Zamorano, ubicado en el sector El Observatorio del 23 de Enero. Inmediatamente, orden\u00f3 la expansi\u00f3n del centro para que se convierta en un complejo de formaci\u00f3n b\u00e1sica y diversificada para ni\u00f1os y j\u00f3venes.<\/p>\n\n\n\n<p>Durante su intervenci\u00f3n, el Jefe de Gobierno Nahum Fern\u00e1ndez detall\u00f3 que el espacio estuvo previamente en situaci\u00f3n de abandono. Su recuperaci\u00f3n fue posible gracias a la activaci\u00f3n de las Brigadas Comunitarias Militares para la Educaci\u00f3n y la Salud (BRICOMILES) de la GHP, que se encargaron de las labores de reparaci\u00f3n del edificio de maternal.<\/p>\n\n\n\n<p>La Teniente Coronel Ana Luc\u00eda Dur\u00e1n, directora del CEIN El Zamorano, destac\u00f3 que actualmente el recinto atiende a una matr\u00edcula de 107 ni\u00f1os, a quienes se les ofrece atenci\u00f3n social integral en un horario de 07:00 a.m. a 04:00 p.m.<\/p>\n\n\n\n<p>Por su parte, la presidenta de la Fundaci\u00f3n de Acci\u00f3n Social de la GHP, Yohaly Alarc\u00f3n de Marcano, celebr\u00f3 la rehabilitaci\u00f3n de la infraestructura, destacando que en ella reciben clases ni\u00f1os de la comunidad, de la Milicia Bolivariana, hijos de funcionarios de Hidrocapital y de la GHP. \u00abEs un sue\u00f1o hecho realidad\u00bb, expres\u00f3.<\/p>\n\n\n\n<p>Fue precisamente Alarc\u00f3n de Marcano quien solicit\u00f3 al jefe de Estado venezolano la expansi\u00f3n del centro educativo para incorporar, adem\u00e1s de la educaci\u00f3n inicial, la formaci\u00f3n b\u00e1sica y diversificada. La propuesta fue aprobada de inmediato por el Mandatario Nacional, quien instruy\u00f3 al Ministro del Poder Popular para la Educaci\u00f3n, H\u00e9ctor Rodr\u00edguez, y al Mayor General Javier Jos\u00e9 Marcano T\u00e1bata, Comandante de la GHP, a brindar todo el acompa\u00f1amiento necesario para el proceso de protocolizaci\u00f3n y gesti\u00f3n administrativa.<\/p>\n\n\n\n<p>La rehabilitaci\u00f3n del CEIN forma parte de las m\u00e1s de 20 mil obras que el presidente Maduro entrega esta semana a trav\u00e9s del \u00abOBRAT\u00d3N\u00bb (marat\u00f3n de obras). Esta iniciativa se logra mediante la \u00absimbiosis perfecta\u00bb entre las BRICOMILES, la Corporaci\u00f3n Juntos todo es Posible y la Gran Misi\u00f3n Negro Primero.<\/p>\n\n\n\n<p><strong>Prensa Presidencial \/ Iliana Rosales<\/strong><\/p>\n","protected":false},"excerpt":{"rendered":"<p>23 de Enero, Caracas.- El presidente de la Rep\u00fablica Bolivariana de Venezuela, Nicol\u00e1s Maduro, anunci\u00f3 este mi\u00e9rcoles la creaci\u00f3n de un nuevo Complejo Educativo Integral en el 23 de Enero, Caracas, que estar\u00e1 adscrito a la Guardia de Honor Presidencial (GHP). El anuncio se hizo durante una transmisi\u00f3n del balance de la Gran Misi\u00f3n Negro [&hellip;]<\/p>\n","protected":false},"author":1,"featured_media":24762,"comment_status":"open","ping_status":"open","sticky":false,"template":"","format":"standard","meta":{"footnotes":""},"categories":[18,7],"tags":[],"class_list":["post-24760","post","type-post","status-publish","format-standard","has-post-thumbnail","hentry","category-noticias-principales","category-notas-de-prensa"],"_links":{"self":[{"href":"https:\/\/prensapresidencialvenezuela.gob.ve\/index.php\/wp-json\/wp\/v2\/posts\/24760","targetHints":{"allow":["GET"]}}],"collection":[{"href":"https:\/\/prensapresidencialvenezuela.gob.ve\/index.php\/wp-json\/wp\/v2\/posts"}],"about":[{"href":"https:\/\/prensapresidencialvenezuela.gob.ve\/index.php\/wp-json\/wp\/v2\/types\/post"}],"author":[{"embeddable":true,"href":"https:\/\/prensapresidencialvenezuela.gob.ve\/index.php\/wp-json\/wp\/v2\/users\/1"}],"replies":[{"embeddable":true,"href":"https:\/\/prensapresidencialvenezuela.gob.ve\/index.php\/wp-json\/wp\/v2\/comments?post=24760"}],"version-history":[{"count":1,"href":"https:\/\/prensapresidencialvenezuela.gob.ve\/index.php\/wp-json\/wp\/v2\/posts\/24760\/revisions"}],"predecessor-version":[{"id":24763,"href":"https:\/\/prensapresidencialvenezuela.gob.ve\/index.php\/wp-json\/wp\/v2\/posts\/24760\/revisions\/24763"}],"wp:featuredmedia":[{"embeddable":true,"href":"https:\/\/prensapresidencialvenezuela.gob.ve\/index.php\/wp-json\/wp\/v2\/media\/24762"}],"wp:attachment":[{"href":"https:\/\/prensapresidencialvenezuela.gob.ve\/index.php\/wp-json\/wp\/v2\/media?parent=24760"}],"wp:term":[{"taxonomy":"category","embeddable":true,"href":"https:\/\/prensapresidencialvenezuela.gob.ve\/index.php\/wp-json\/wp\/v2\/categories?post=24760"},{"taxonomy":"post_tag","embeddable":true,"href":"https:\/\/prensapresidencialvenezuela.gob.ve\/index.php\/wp-json\/wp\/v2\/tags?post=24760"}],"curies":[{"name":"wp","href":"https:\/\/api.w.org\/{rel}","templated":true}]}}