{"id":24765,"date":"2025-10-23T16:12:37","date_gmt":"2025-10-23T20:12:37","guid":{"rendered":"https:\/\/prensapresidencialvenezuela.gob.ve\/?p=24765"},"modified":"2025-10-23T16:12:37","modified_gmt":"2025-10-23T20:12:37","slug":"presidente-maduro-lidera-acto-de-juramentacion-de-la-comision-promotora-para-la-constituyente-obrera","status":"publish","type":"post","link":"https:\/\/prensapresidencialvenezuela.gob.ve\/index.php\/2025\/10\/23\/presidente-maduro-lidera-acto-de-juramentacion-de-la-comision-promotora-para-la-constituyente-obrera\/","title":{"rendered":"Presidente Maduro lidera acto de Juramentaci\u00f3n de la Comisi\u00f3n Promotora para la Constituyente Obrera"},"content":{"rendered":"\n<p><strong>Sala Plenaria Dar\u00edo Vivas, Parque Central.-<\/strong> El presidente de la Rep\u00fablica Bolivariana de Venezuela, Nicol\u00e1s Maduro Moros, jurament\u00f3, este jueves, a la Comisi\u00f3n para la Constituyente Obrera, que tiene como objetivo fundamental ser el motor inicial para la organizaci\u00f3n de un proceso nacional, que estar\u00e1 destinado a refundar el instrumento del Movimiento Obrero Nacional y adaptarlo al Socialismo Bolivariano del siglo XXI, y alineado al Plan Estrat\u00e9gico de las 7 Grandes Transformaciones y el Programa de la Patria.<\/p>\n\n\n\n<p>En este sentido, es importante mencionar que el pasado mes de agosto del presente a\u00f1o, durante una actividad presidencial con la clase trabajadora, el Jefe de Estado instruy\u00f3 a la conformaci\u00f3n de un proceso de constituyente, para redefinir y relanzar el conjunto de los movimientos sociales comunales, obreros, campesinos, feministas, ecol\u00f3gicos, entre otros sectores de relevancia social, que tengan la capacidad para elaborar propuestas pol\u00edticas, program\u00e1ticas, organizativas y con una gran fuerza de movilizaci\u00f3n. Vale destacar que este proceso constituyente exige de un profundo y riguroso trabajo individual y colectivo, sobre la historia de cada movimiento social revolucionario del pa\u00eds; y de estudio y reflexi\u00f3n cr\u00edtica y autocr\u00edtica, en torno a las experiencias pr\u00e1cticas que ha tenido la naci\u00f3n en los 26 a\u00f1os de la Revoluci\u00f3n Bolivariana y de esta manera derrotar el sectarismo, por ser uno de los perores males que se ha cultivado en la pr\u00e1ctica pol\u00edtica.<\/p>\n\n\n\n<p>En contexto, el Mandatario nacional tambi\u00e9n inform\u00f3, durante la actividad del 18 de agosto, que les ser\u00eda entregado las mismas tres tareas a la clase obrera, entre ellas: el plan productivo de los Consejos Productivos de Trabajadores (CPT), con el objetivo de impulsar la producci\u00f3n nacional, garantizar el acceso a bienes y servicios esenciales, afianzar la gesti\u00f3n productiva, en el esquema de nuevas formas de organizaci\u00f3n, \u00abPoder Obrero\u00bb, y en el plan de los Cuerpos Milicianos de la Clase Obrera Trabajadora.<\/p>\n\n\n\n<p><strong>Prensa Presidencial\/ Irmary D\u00edaz<\/strong><\/p>\n\n\n\n<p><\/p>\n","protected":false},"excerpt":{"rendered":"<p>Sala Plenaria Dar\u00edo Vivas, Parque Central.- El presidente de la Rep\u00fablica Bolivariana de Venezuela, Nicol\u00e1s Maduro Moros, jurament\u00f3, este jueves, a la Comisi\u00f3n para la Constituyente Obrera, que tiene como objetivo fundamental ser el motor inicial para la organizaci\u00f3n de un proceso nacional, que estar\u00e1 destinado a refundar el instrumento del Movimiento Obrero Nacional y [&hellip;]<\/p>\n","protected":false},"author":1,"featured_media":24767,"comment_status":"open","ping_status":"open","sticky":false,"template":"","format":"standard","meta":{"footnotes":""},"categories":[18,7,1],"tags":[],"class_list":["post-24765","post","type-post","status-publish","format-standard","has-post-thumbnail","hentry","category-noticias-principales","category-notas-de-prensa","category-sin-categoria"],"_links":{"self":[{"href":"https:\/\/prensapresidencialvenezuela.gob.ve\/index.php\/wp-json\/wp\/v2\/posts\/24765","targetHints":{"allow":["GET"]}}],"collection":[{"href":"https:\/\/prensapresidencialvenezuela.gob.ve\/index.php\/wp-json\/wp\/v2\/posts"}],"about":[{"href":"https:\/\/prensapresidencialvenezuela.gob.ve\/index.php\/wp-json\/wp\/v2\/types\/post"}],"author":[{"embeddable":true,"href":"https:\/\/prensapresidencialvenezuela.gob.ve\/index.php\/wp-json\/wp\/v2\/users\/1"}],"replies":[{"embeddable":true,"href":"https:\/\/prensapresidencialvenezuela.gob.ve\/index.php\/wp-json\/wp\/v2\/comments?post=24765"}],"version-history":[{"count":1,"href":"https:\/\/prensapresidencialvenezuela.gob.ve\/index.php\/wp-json\/wp\/v2\/posts\/24765\/revisions"}],"predecessor-version":[{"id":24768,"href":"https:\/\/prensapresidencialvenezuela.gob.ve\/index.php\/wp-json\/wp\/v2\/posts\/24765\/revisions\/24768"}],"wp:featuredmedia":[{"embeddable":true,"href":"https:\/\/prensapresidencialvenezuela.gob.ve\/index.php\/wp-json\/wp\/v2\/media\/24767"}],"wp:attachment":[{"href":"https:\/\/prensapresidencialvenezuela.gob.ve\/index.php\/wp-json\/wp\/v2\/media?parent=24765"}],"wp:term":[{"taxonomy":"category","embeddable":true,"href":"https:\/\/prensapresidencialvenezuela.gob.ve\/index.php\/wp-json\/wp\/v2\/categories?post=24765"},{"taxonomy":"post_tag","embeddable":true,"href":"https:\/\/prensapresidencialvenezuela.gob.ve\/index.php\/wp-json\/wp\/v2\/tags?post=24765"}],"curies":[{"name":"wp","href":"https:\/\/api.w.org\/{rel}","templated":true}]}}