{"id":24766,"date":"2025-10-23T16:28:12","date_gmt":"2025-10-23T20:28:12","guid":{"rendered":"https:\/\/prensapresidencialvenezuela.gob.ve\/?p=24766"},"modified":"2025-10-23T16:28:13","modified_gmt":"2025-10-23T20:28:13","slug":"inicia-debate-para-la-renovacion-de-liderazgos-del-movimiento-obrero-de-venezuela","status":"publish","type":"post","link":"https:\/\/prensapresidencialvenezuela.gob.ve\/index.php\/2025\/10\/23\/inicia-debate-para-la-renovacion-de-liderazgos-del-movimiento-obrero-de-venezuela\/","title":{"rendered":"Inicia debate para la renovaci\u00f3n de liderazgos del Movimiento Obrero de Venezuela"},"content":{"rendered":"\n<p><strong>Parque Central, Caracas.- <\/strong>Dando paso al proceso constituyente para la renovaci\u00f3n de liderazgos, de m\u00e9todos y de ideas para esta nueva etapa de la Revoluci\u00f3n Bolivariana, basado en las 7 Transformaciones (7T); la Central Bolivariana de Trabajadores de Venezuela convoc\u00f3 una asamblea de trabajo, en la que particip\u00f3 activamente el presidente de la Rep\u00fablica Bolivariana de Venezuela, Nicol\u00e1s Maduro Moros.<\/p>\n\n\n\n<p>Junto al vicepresidente sectorial del Socialismo Social y Territorial y ministro del Poder Popular para la Educaci\u00f3n, H\u00e9ctor Rodr\u00edguez; y el ministro del Poder Popular para el Proceso Social de Trabajo, Eduardo Pi\u00f1ate; el presidente Nicol\u00e1s Maduro Moros, refiri\u00f3 estar orgulloso de ser parte de la clase obrera hist\u00f3rica y aguerrida de la Rep\u00fablica Bolivariana de Venezuela. \u00abSoy el primer Presidente Obrero de esta historia grande de Am\u00e9rica Latina y el Caribe. De la patria de Bol\u00edvar, de Zamora, de Ch\u00e1vez, de Antonio Jos\u00e9 de Sucre.<\/p>\n\n\n\n<p>Los Consejos Productivos de Trabajadores, los delegados de sindicatos, de movimientos de trabajadoras y trabajadores patriotas, bolivarianos y chavistas, tienen la meta de trazar una hoja de ruta, en la que se incorporen los aportes de las voceras y voceros de los Consejos Productivos de Trabajadores (CPT).<\/p>\n\n\n\n<p>El ministro del Poder Popular para el Proceso Social de Trabajo, Eduardo Pi\u00f1ate, destac\u00f3 que el objetivo es lograr una Central Bolivariana Socialista de Trabajadores y Trabajadoras renovada, \u00abacorde con los tiempos que estamos viviendo, con los cambios en el mundo del trabajo, con las profundas mutaciones que est\u00e1 sufriendo la sociedad y el mundo del trabajo con la digitalizaci\u00f3n, con la inteligencia artificial, con lo que algunos han llamado la Cuarta Revoluci\u00f3n Industrial en el mundo, con la ciencia y la tecnolog\u00eda\u00bb.<\/p>\n\n\n\n<p>En este sentido el Presidente Maduro rememor\u00f3 c\u00f3mo naci\u00f3 la Fuerza Bolivariana de los Trabajadores y destac\u00f3 que la escuela de la clase obrera venezolana es el di\u00e1logo, el debate, la confrontaci\u00f3n de ideas, la b\u00fasqueda de caminos, el ejercicio de la democracia directa y el ejercicio del poder.<\/p>\n\n\n\n<p><strong>El proceso del debate<\/strong><\/p>\n\n\n\n<p>El titular de la cartera del Proceso Social de Trabajo, Eduardo Pi\u00f1ate, precis\u00f3 c\u00f3mo ser\u00e1 el proceso de debate. La semana del 29 de octubre al 21 de noviembre de 2025, se llevar\u00e1n a cabo los procesos de debate y de elecci\u00f3n de voceros, de delegados y delegadas en cada centro de trabajo. Debe haber 3 delegados principales en cada centro de trabajo.<\/p>\n\n\n\n<p>Luego, la semana del 24 al 29 de noviembre, se realizar\u00e1n las asambleas municipales por sector. Cada sector hace su asamblea, por lo que, en cada estado y municipio, habr\u00e1 tantas asambleas como sectores existan en esa entidad para elegir sus voceros de base.<\/p>\n\n\n\n<p>&nbsp;Y del 1.\u00b0 al 6 de diciembre, se celebrar\u00e1n las asambleas estadales sectoriales y de all\u00ed saldr\u00e1n los voceros a la Asamblea Nacional Constituyente Obrera, con un conjunto de propuestas. Se estima que resulten electos aproximadamente 42 mil delegados de base.<\/p>\n\n\n\n<p><strong>Prensa Presidencial\/ Claudia Guerra M\u00e9ndez<\/strong><\/p>\n","protected":false},"excerpt":{"rendered":"<p>Parque Central, Caracas.- Dando paso al proceso constituyente para la renovaci\u00f3n de liderazgos, de m\u00e9todos y de ideas para esta nueva etapa de la Revoluci\u00f3n Bolivariana, basado en las 7 Transformaciones (7T); la Central Bolivariana de Trabajadores de Venezuela convoc\u00f3 una asamblea de trabajo, en la que particip\u00f3 activamente el presidente de la Rep\u00fablica Bolivariana [&hellip;]<\/p>\n","protected":false},"author":1,"featured_media":24770,"comment_status":"open","ping_status":"open","sticky":false,"template":"","format":"standard","meta":{"footnotes":""},"categories":[18,7],"tags":[],"class_list":["post-24766","post","type-post","status-publish","format-standard","has-post-thumbnail","hentry","category-noticias-principales","category-notas-de-prensa"],"_links":{"self":[{"href":"https:\/\/prensapresidencialvenezuela.gob.ve\/index.php\/wp-json\/wp\/v2\/posts\/24766","targetHints":{"allow":["GET"]}}],"collection":[{"href":"https:\/\/prensapresidencialvenezuela.gob.ve\/index.php\/wp-json\/wp\/v2\/posts"}],"about":[{"href":"https:\/\/prensapresidencialvenezuela.gob.ve\/index.php\/wp-json\/wp\/v2\/types\/post"}],"author":[{"embeddable":true,"href":"https:\/\/prensapresidencialvenezuela.gob.ve\/index.php\/wp-json\/wp\/v2\/users\/1"}],"replies":[{"embeddable":true,"href":"https:\/\/prensapresidencialvenezuela.gob.ve\/index.php\/wp-json\/wp\/v2\/comments?post=24766"}],"version-history":[{"count":1,"href":"https:\/\/prensapresidencialvenezuela.gob.ve\/index.php\/wp-json\/wp\/v2\/posts\/24766\/revisions"}],"predecessor-version":[{"id":24771,"href":"https:\/\/prensapresidencialvenezuela.gob.ve\/index.php\/wp-json\/wp\/v2\/posts\/24766\/revisions\/24771"}],"wp:featuredmedia":[{"embeddable":true,"href":"https:\/\/prensapresidencialvenezuela.gob.ve\/index.php\/wp-json\/wp\/v2\/media\/24770"}],"wp:attachment":[{"href":"https:\/\/prensapresidencialvenezuela.gob.ve\/index.php\/wp-json\/wp\/v2\/media?parent=24766"}],"wp:term":[{"taxonomy":"category","embeddable":true,"href":"https:\/\/prensapresidencialvenezuela.gob.ve\/index.php\/wp-json\/wp\/v2\/categories?post=24766"},{"taxonomy":"post_tag","embeddable":true,"href":"https:\/\/prensapresidencialvenezuela.gob.ve\/index.php\/wp-json\/wp\/v2\/tags?post=24766"}],"curies":[{"name":"wp","href":"https:\/\/api.w.org\/{rel}","templated":true}]}}